{"id":100020,"date":"2020-06-01T00:08:30","date_gmt":"2020-06-01T00:08:30","guid":{"rendered":"https:\/\/www.portalminero.com\/wp\/expomin-lanza-ciclo-de-seminarios-online-a-contar-del-3-de-junio\/"},"modified":"2020-06-01T15:54:07","modified_gmt":"2020-06-01T15:54:07","slug":"expomin-lanza-ciclo-de-seminarios-online-a-contar-del-3-de-junio","status":"publish","type":"post","link":"https:\/\/www.portalminero.com\/wp\/expomin-lanza-ciclo-de-seminarios-online-a-contar-del-3-de-junio\/","title":{"rendered":"Expomin lanza ciclo de seminarios online a contar del 3 de junio"},"content":{"rendered":"<h6><em>Chile<\/em><\/h6>\n<p><b>La finalidad de estos seminarios es discutir diversas tem\u00e1ticas con miras a la realizaci\u00f3n de la feria minera m\u00e1s importante de Latinoam\u00e9rica.<\/b><\/p>\n<p><img class=\"imagen-noticia\" src=\"data:image\/gif;base64,R0lGODlhAQABAIAAAAAAAP\/\/\/yH5BAEAAAAALAAAAAABAAEAAAIBRAA7\" data-src=\"https:\/\/pm.portalminero.com\/images\/noticias\/5ed4fe75a0ed3.jpg\" alt=\"Expomin lanza ciclo de seminarios online a contar del 3 de junio\" \/><noscript><img class=\"imagen-noticia\" src=\"https:\/\/pm.portalminero.com\/images\/noticias\/5ed4fe75a0ed3.jpg\" alt=\"Expomin lanza ciclo de seminarios online a contar del 3 de junio\" \/><\/noscript><\/p>\n<div class=\"texto_prensa\" align=\"justify\"><strong>lunes 01 de junio del 2020.-<\/strong>\u00a0Ad portas de la realizaci\u00f3n de EXPOMIN 2020, evento a realizarse entre el 9 y el 13 de noviembre de este a\u00f1o, la organizaci\u00f3n lanz\u00f3 un ciclo de seminarios online con el objetivo de discutir diversas tem\u00e1ticas con miras a la realizaci\u00f3n de la feria minera m\u00e1s importante de Latinoam\u00e9rica.<\/p>\n<p>En este contexto, el gerente de Expomin, Francisco Sotomayor sostuvo que \u00abel ciclo de seminarios que hemos preparado comienza el pr\u00f3ximo mi\u00e9rcoles 3 de junio a las 9:30 con la tem\u00e1tica: Perspectivas del mercado del cobre y proyectos mineros\u00bb.<\/p>\n<p>\u00abEn la jornada participar\u00e1 como expositor Cristi\u00e1n Cifuentes, coordinador de Mercado de Cochilco y en los comentarios participar\u00e1 como invitado \u00c1lvaro Merino, gerente de Estudios de Sonami\u00bb, agreg\u00f3 el ejecutivo.<\/p>\n<p>En las pr\u00f3ximas jornadas que se ir\u00e1n avisando oportunamente los pr\u00f3ximos seminarios, ya que est\u00e1n consideradas las tem\u00e1ticas de \u00ababastecimiento bajo el nuevo panorama\u00bb, \u00abdesaf\u00edos en la gesti\u00f3n del agua en miner\u00eda\u00bb, entre otras.<\/p>\n<p>Para inscribirse en el webinar ingrese a: <a href=\"https:\/\/bit.ly\/2M9bY8W\">https:\/\/bit.ly\/2M9bY8W<\/a><\/div>\n<hr \/>\n<p>Portal Minero<\/p>\n","protected":false},"excerpt":{"rendered":"<p><span class='published'>Chile | 2020-06-01<\/span><\/p>\n<p>La finalidad de estos seminarios es discutir diversas tem\u00e1ticas con miras a la realizaci\u00f3n de la feria minera m\u00e1s importante de Latinoam\u00e9rica.<\/p>\n","protected":false},"author":7,"featured_media":100021,"comment_status":"open","ping_status":"open","sticky":false,"template":"","format":"standard","meta":[],"categories":[12],"tags":[],"_links":{"self":[{"href":"https:\/\/www.portalminero.com\/wp\/wp-json\/wp\/v2\/posts\/100020"}],"collection":[{"href":"https:\/\/www.portalminero.com\/wp\/wp-json\/wp\/v2\/posts"}],"about":[{"href":"https:\/\/www.portalminero.com\/wp\/wp-json\/wp\/v2\/types\/post"}],"author":[{"embeddable":true,"href":"https:\/\/www.portalminero.com\/wp\/wp-json\/wp\/v2\/users\/7"}],"replies":[{"embeddable":true,"href":"https:\/\/www.portalminero.com\/wp\/wp-json\/wp\/v2\/comments?post=100020"}],"version-history":[{"count":1,"href":"https:\/\/www.portalminero.com\/wp\/wp-json\/wp\/v2\/posts\/100020\/revisions"}],"predecessor-version":[{"id":100031,"href":"https:\/\/www.portalminero.com\/wp\/wp-json\/wp\/v2\/posts\/100020\/revisions\/100031"}],"wp:featuredmedia":[{"embeddable":true,"href":"https:\/\/www.portalminero.com\/wp\/wp-json\/wp\/v2\/media\/100021"}],"wp:attachment":[{"href":"https:\/\/www.portalminero.com\/wp\/wp-json\/wp\/v2\/media?parent=100020"}],"wp:term":[{"taxonomy":"category","embeddable":true,"href":"https:\/\/www.portalminero.com\/wp\/wp-json\/wp\/v2\/categories?post=100020"},{"taxonomy":"post_tag","embeddable":true,"href":"https:\/\/www.portalminero.com\/wp\/wp-json\/wp\/v2\/tags?post=100020"}],"curies":[{"name":"wp","href":"https:\/\/api.w.org\/{rel}","templated":true}]}}