{"id":100592,"date":"2020-06-16T00:00:30","date_gmt":"2020-06-16T00:00:30","guid":{"rendered":"https:\/\/www.portalminero.com\/wp\/16-06-2020-se-licita-conservacion-red-vial-para-la-region-de-los-rios\/"},"modified":"2020-06-16T00:00:30","modified_gmt":"2020-06-16T00:00:30","slug":"16-06-2020-se-licita-conservacion-red-vial-para-la-region-de-los-rios","status":"publish","type":"post","link":"https:\/\/www.portalminero.com\/wp\/16-06-2020-se-licita-conservacion-red-vial-para-la-region-de-los-rios\/","title":{"rendered":"16\/06\/2020 &#8211; Se licita conservaci\u00f3n red vial para la regi\u00f3n de Los R\u00edos"},"content":{"rendered":"<p>https:\/\/www.portalminero.com\/pages\/viewpage.action?pageId=190121147<\/p>\n","protected":false},"excerpt":{"rendered":"<p>https:\/\/www.portalminero.com\/pages\/viewpage.action?pageId=190121147<\/p>\n","protected":false},"author":7,"featured_media":0,"comment_status":"open","ping_status":"open","sticky":false,"template":"","format":"standard","meta":[],"categories":[62],"tags":[],"_links":{"self":[{"href":"https:\/\/www.portalminero.com\/wp\/wp-json\/wp\/v2\/posts\/100592"}],"collection":[{"href":"https:\/\/www.portalminero.com\/wp\/wp-json\/wp\/v2\/posts"}],"about":[{"href":"https:\/\/www.portalminero.com\/wp\/wp-json\/wp\/v2\/types\/post"}],"author":[{"embeddable":true,"href":"https:\/\/www.portalminero.com\/wp\/wp-json\/wp\/v2\/users\/7"}],"replies":[{"embeddable":true,"href":"https:\/\/www.portalminero.com\/wp\/wp-json\/wp\/v2\/comments?post=100592"}],"version-history":[{"count":0,"href":"https:\/\/www.portalminero.com\/wp\/wp-json\/wp\/v2\/posts\/100592\/revisions"}],"wp:attachment":[{"href":"https:\/\/www.portalminero.com\/wp\/wp-json\/wp\/v2\/media?parent=100592"}],"wp:term":[{"taxonomy":"category","embeddable":true,"href":"https:\/\/www.portalminero.com\/wp\/wp-json\/wp\/v2\/categories?post=100592"},{"taxonomy":"post_tag","embeddable":true,"href":"https:\/\/www.portalminero.com\/wp\/wp-json\/wp\/v2\/tags?post=100592"}],"curies":[{"name":"wp","href":"https:\/\/api.w.org\/{rel}","templated":true}]}}