{"id":101414,"date":"2020-07-13T00:06:30","date_gmt":"2020-07-13T00:06:30","guid":{"rendered":"https:\/\/www.portalminero.com\/wp\/camara-minera-realizara-el-webinar-china-rol-en-la-reactivacion-economica-minera-de-chile-y-latinoamerica\/"},"modified":"2020-07-13T14:26:47","modified_gmt":"2020-07-13T14:26:47","slug":"camara-minera-realizara-el-webinar-china-rol-en-la-reactivacion-economica-minera-de-chile-y-latinoamerica","status":"publish","type":"post","link":"https:\/\/www.portalminero.com\/wp\/camara-minera-realizara-el-webinar-china-rol-en-la-reactivacion-economica-minera-de-chile-y-latinoamerica\/","title":{"rendered":"C\u00e1mara Minera realizar\u00e1 el webinar \u00abChina: rol en la reactivaci\u00f3n econ\u00f3mica-minera de Chile y Latinoam\u00e9rica\u00bb"},"content":{"rendered":"<h6><em>Chile<\/em><\/h6>\n<p><b>El encuentro se realizar\u00e1 por las plataformas Zoom, Facebook y YouTube, el mi\u00e9rcoles 15 de julio a contar de las 18 horas.<\/b><\/p>\n<p><img class=\"imagen-noticia\" src=\"data:image\/gif;base64,R0lGODlhAQABAIAAAAAAAP\/\/\/yH5BAEAAAAALAAAAAABAAEAAAIBRAA7\" data-src=\"https:\/\/pm.portalminero.com\/images\/noticias\/5f0c6ab33ad65.jpg\" \/><noscript><img class=\"imagen-noticia\" src=\"https:\/\/pm.portalminero.com\/images\/noticias\/5f0c6ab33ad65.jpg\" \/><\/noscript><\/p>\n<div class=\"texto_prensa\" align=\"justify\"><strong>lunes 13 de julio del 2020.-<\/strong>\u00a0La C\u00e1mara Minera de Chile realizar\u00e1 el pr\u00f3ximo 15 de julio el webinar \u00abChina: rol en la reactivaci\u00f3n econ\u00f3mica-minera de Chile y Latinoam\u00e9rica\u00bb, esto frente a las consecuencias que ha dejado la pandemia en Chile y el mundo, y el anuncio del pa\u00eds asi\u00e1tico de la reactivaci\u00f3n de su econom\u00eda.<\/p>\n<p>Al respecto, el secretario general de la C\u00e1mara Minera de Chile, Patricio Cartagena, indic\u00f3 la importancia de tratar este tema y ver c\u00f3mo afectar\u00e1 a Chile y a Am\u00e9rica Latina la reactivaci\u00f3n de China, especialmente en el sector minero.<\/p>\n<p>El evento ser\u00e1 transmitido por las plataformas Zoom, Facebook y YouTube a contar de las 18 horas.<\/p>\n<p>\u00abContaremos con destacados expositores como el director de REMIO M\u00e9xico y analista de la Econom\u00eda China, Javier Cu\u00f1at; el analista principal de CRU, Erik Heimlich; el director de estudios de la Comisi\u00f3n Chilena del Cobre (Cochilco), Jorge Cantallopts y el ex viceministro de Minas y director ejecutivo de la Asociaci\u00f3n Civil Agrominera del Per\u00fa, R\u00f3mulo Mucho, quienes desde sus perspectivas analizar\u00e1n lo que ha sucedido y c\u00f3mo ven el futuro, pensando en la reactivaci\u00f3n de los diversos sectores, pero principalmente en el mundo minero\u00bb, destac\u00f3.<\/p>\n<p>Cartagena agreg\u00f3 que en esta ocasi\u00f3n se espera bosquejar lo que viene en el \u00e1mbito econ\u00f3mico, ya que con la incertidumbre de las condiciones en las que se retomar\u00e1n las actividades, una vez que se quiten las restricciones, debemos al menos estar preparados para ello.<\/p>\n<p>\u00abQueremos presentar la situaci\u00f3n actual, lo que est\u00e1 gestionando China y c\u00f3mo nuestros pa\u00edses est\u00e1n prepar\u00e1ndose para ello. Existen interrogantes respecto a la demanda que tendr\u00e1 dicho pa\u00eds y las condiciones en que nos encontramos para responder, especialmente en el sector minero, donde sabemos que los principales productos son el cobre y el hierro\u00bb, puntualiz\u00f3.<\/p><\/div>\n<hr \/>\n<p>Portal Minero<\/p>\n","protected":false},"excerpt":{"rendered":"<p><span class='published'>Chile | 2020-07-13<\/span><\/p>\n<p>El encuentro se realizar\u00e1 por las plataformas Zoom, Facebook y YouTube, el mi\u00e9rcoles 15 de julio a contar de las 18 horas.<\/p>\n","protected":false},"author":7,"featured_media":101415,"comment_status":"open","ping_status":"open","sticky":false,"template":"","format":"standard","meta":[],"categories":[12],"tags":[],"_links":{"self":[{"href":"https:\/\/www.portalminero.com\/wp\/wp-json\/wp\/v2\/posts\/101414"}],"collection":[{"href":"https:\/\/www.portalminero.com\/wp\/wp-json\/wp\/v2\/posts"}],"about":[{"href":"https:\/\/www.portalminero.com\/wp\/wp-json\/wp\/v2\/types\/post"}],"author":[{"embeddable":true,"href":"https:\/\/www.portalminero.com\/wp\/wp-json\/wp\/v2\/users\/7"}],"replies":[{"embeddable":true,"href":"https:\/\/www.portalminero.com\/wp\/wp-json\/wp\/v2\/comments?post=101414"}],"version-history":[{"count":2,"href":"https:\/\/www.portalminero.com\/wp\/wp-json\/wp\/v2\/posts\/101414\/revisions"}],"predecessor-version":[{"id":101420,"href":"https:\/\/www.portalminero.com\/wp\/wp-json\/wp\/v2\/posts\/101414\/revisions\/101420"}],"wp:featuredmedia":[{"embeddable":true,"href":"https:\/\/www.portalminero.com\/wp\/wp-json\/wp\/v2\/media\/101415"}],"wp:attachment":[{"href":"https:\/\/www.portalminero.com\/wp\/wp-json\/wp\/v2\/media?parent=101414"}],"wp:term":[{"taxonomy":"category","embeddable":true,"href":"https:\/\/www.portalminero.com\/wp\/wp-json\/wp\/v2\/categories?post=101414"},{"taxonomy":"post_tag","embeddable":true,"href":"https:\/\/www.portalminero.com\/wp\/wp-json\/wp\/v2\/tags?post=101414"}],"curies":[{"name":"wp","href":"https:\/\/api.w.org\/{rel}","templated":true}]}}