{"id":134173,"date":"2022-07-29T00:00:00","date_gmt":"2022-07-29T00:00:00","guid":{"rendered":"https:\/\/www.portalminero.com\/wp\/encuentro-de-innovacion-y-emprendimiento-agropecuario-de-tarapaca-convoco-a-mas-de-300-personas\/"},"modified":"2022-07-29T16:30:21","modified_gmt":"2022-07-29T16:30:21","slug":"encuentro-de-innovacion-y-emprendimiento-agropecuario-de-tarapaca-convoco-a-mas-de-300-personas","status":"publish","type":"post","link":"https:\/\/www.portalminero.com\/wp\/encuentro-de-innovacion-y-emprendimiento-agropecuario-de-tarapaca-convoco-a-mas-de-300-personas\/","title":{"rendered":"Encuentro de Innovaci\u00f3n y Emprendimiento Agropecuario de Tarapac\u00e1 convoc\u00f3 a m\u00e1s de 300 personas"},"content":{"rendered":"<h6><b>Chile<\/b><\/h6>\n<p>La jornada realizada en el Camping Los Pinos de La Tirana estuvo dirigida a toda la comunidad y consider\u00f3 instancias de capacitaci\u00f3n e innovaci\u00f3n, adem\u00e1s de una feria de emprendimiento agr\u00edcola y visitas guiadas de estudiantes.<\/p>\n<p><img class=\"imagen-noticia\" src=\"data:image\/gif;base64,R0lGODlhAQABAIAAAAAAAP\/\/\/yH5BAEAAAAALAAAAAABAAEAAAIBRAA7\" data-src=\"https:\/\/www.portalminero.com\/wp\/wp-content\/uploads\/subidos\/notasprensa\/14600_62e4099f612ef.JPG\" alt=\"Encuentro de Innovaci\u00f3n y Emprendimiento Agropecuario de Tarapac\u00e1 convoc\u00f3 a m\u00e1s de 300 personas\" \/><noscript><img class=\"imagen-noticia\" src=\"https:\/\/www.portalminero.com\/wp\/wp-content\/uploads\/subidos\/notasprensa\/14600_62e4099f612ef.JPG\" alt=\"Encuentro de Innovaci\u00f3n y Emprendimiento Agropecuario de Tarapac\u00e1 convoc\u00f3 a m\u00e1s de 300 personas\" \/><\/noscript><\/p>\n<div class=\"texto_prensa\" align=\"justify\"><strong>viernes 29 de julio del 2022.-<\/strong>\u00a0Una gran convocatoria tuvo el Primer Encuentro de Innovaci\u00f3n y Emprendimiento Agropecuario de la Regi\u00f3n de Tarapac\u00e1, organizado por SQM, la Secretar\u00eda Regional Ministerial de Agricultura y el Municipio de Pozo Almonte, enmarcado en la conmemoraci\u00f3n del D\u00eda Nacional de las Campesinas y Campesinos.<\/p>\n<p>La tradicional Pawa, ceremonia ancestral aimara de pago a la tierra, dio inicio al evento de inauguraci\u00f3n, que cont\u00f3 con la presencia de la delegada provincial de El Tamarugal, Luz Gonz\u00e1lez; el seremi de Agricultura, Rub\u00e9n L\u00f3pez; la seremi de Educaci\u00f3n, Claudia Silva; el alcalde de Pozo Almonte, Richard Godoy; el vicepresidente de Planificaci\u00f3n y Proyectos Nitratos Yodo de SQM, Rodrigo Vera y consejeros regionales y concejales de la comuna.<\/p>\n<p>\u00abComo compa\u00f1\u00eda estamos muy contentos de ser parte de este gran encuentro de innovaci\u00f3n agropecuaria, que reafirma nuestro compromiso con las comunidades y el desarrollo sostenible de la agricultura y la ganader\u00eda en Tarapac\u00e1. Nuestro Plan de Sostenibilidad as\u00ed lo ratifica, a trav\u00e9s de diversas iniciativas que hemos materializado junto a comunidades y agrupaciones de Pintados, La Tirana, Pozo Almonte, Huara, Bajo Soga, Pisagua, entre otras, y que apuntan a desarrollar y optimizar los esfuerzos humanos y los recursos naturales en labores tan nobles como la agricultura\u00bb, coment\u00f3 durante la inauguraci\u00f3n el ejecutivo de SQM, Rodrigo Vera.<\/p>\n<p>Por su parte el seremi de Agricultura, Rub\u00e9n L\u00f3pez se\u00f1al\u00f3 que \u00abesta relaci\u00f3n con el mundo privado nos permite proyectar la agricultura y ganader\u00eda en nuestro territorio. Tarapac\u00e1 es el norte de la agricultura en Chile y hoy tenemos la oportunidad de sembrar el desierto. Estoy orgulloso de ver a j\u00f3venes de las siete comunas visitando el invernadero y participando en talleres de educaci\u00f3n ambiental\u00bb.<\/p>\n<p>Durante la jornada, los asistentes participaron de 4 exposiciones a cargo de grandes profesionales, quienes desarrollaron temas relaciones con la factibilidad de productos agr\u00edcolas en el norte del pa\u00eds, nuevos nutrientes y luminosidad para el desarrollo de la agricultura; avances tecnol\u00f3gicos del \u00e1rea y casos de \u00e9xitos en Chile y el Mundo.<\/p>\n<p>Adem\u00e1s, delegaciones estudiantiles de las siete comunas de la regi\u00f3n, participaron en visitas guiadas por el invernadero, donde conocieron de cerca el proceso hidrop\u00f3nico y dieron vida a diversos talleres de educaci\u00f3n ambiental, impartidos por Verdical.<\/p>\n<p>El alcalde de Pozo Almonte, Richard Godoy se\u00f1al\u00f3 que \u00aben este ecosistema donde conviven campesinos, campesinas, agricultores y ganaderos, debemos trabajar de manera mancomunada y en armon\u00eda, as\u00ed lo hemos hecho en todos estos a\u00f1os y debemos fortalecer esas alianzas para continuar aportando al desarrollo de nuestras localidades\u00bb.<\/p>\n<p>La jornada agropecuaria cont\u00f3 tambi\u00e9n con una Feria de Emprendimiento Agr\u00edcola, donde 20 agricultores de la zona presentaron sus productos, entre los que destacaron hortalizas, mieles, huevos, frutas, quesos, artesan\u00eda, entre otras.<\/p>\n<p>Elba Carrasco, emprendedora de La Huayca, se\u00f1al\u00f3 que despu\u00e9s de 2 a\u00f1os y medio sin este tipo de promociones, \u00abhoy tengo la oportunidad de traer mis productos de algarroba, tales como mermeladas, arrope, chocolates, alfajores, harina y caf\u00e9, todos elaborados de manera muy natural. Esta iniciativa nos ayuda para presentar nuestros productos y comercializarlos, por lo que agradecemos la invitaci\u00f3n y es importante que las empresas privadas sigan preocup\u00e1ndose de los emprendedores\u00bb.<\/p>\n<p>Por su parte Pamela Chand\u00eda, de la localidad de Pintados, agreg\u00f3 que Este encuentro nos favorece mucho para publicitar nuestros productos y que la gente de la provincia sepa que en este desierto se producen muchos productos, como la miel, hortalizas, frutas, mermeladas, etc. Esto es una puerta de publicidad para nosotros\u201d.<\/p>\n<p>Respecto al encuentro y el trabajo mancomunado del sector p\u00fablico y privado, la delegada presidencial provincial de El Tamarugal, Luz Gonz\u00e1lez dijo que \u00abestas alianzas nos permite innovar y fortalecer el emprendimiento de nuestros agricultores. En El Tamarugal est\u00e1 el mayor porcentaje de personas que trabajan la agricultura, quienes fortalecen nuestro sistema alimenticio y contribuyen en la calidad de vida de nuestras familias\u00bb, agreg\u00f3.<\/p>\n<p>Durante la jornada, las autoridades y asistentes tambi\u00e9n recorrieron el Centro de Investigaci\u00f3n y Desarrollo Agropecuario de Pozo Almonte, que considera un gran invernadero experimental y una zona de fabricaci\u00f3n de quesos, que hace algunas semanas alberg\u00f3 un curso intensivo para 13 vecinos de El Tamarugal, quienes se certificaron en la elaboraci\u00f3n de subproductos de leche de cabra. Cabe se\u00f1alar que todas estas iniciativas se enmarcan en el plan\u00a0 de desarrollo comunitario que SQM mantiene con las comunidades aleda\u00f1as a sus faenas, donde tambi\u00e9n seejecuta el programa de apoyo agr\u00edcola y ganadero Atacama Tierra F\u00e9rtil.<\/p><\/div>\n<hr \/>\n","protected":false},"excerpt":{"rendered":"<p>La jornada realizada en el Camping Los Pinos de La Tirana estuvo dirigida a toda la comunidad y consider\u00f3 instancias de capacitaci\u00f3n e innovaci\u00f3n, adem\u00e1s de una feria de emprendimiento agr\u00edcola y visitas guiadas de estudiantes.<\/p>\n","protected":false},"author":26,"featured_media":134174,"comment_status":"open","ping_status":"open","sticky":false,"template":"","format":"standard","meta":[],"categories":[60],"tags":[],"_links":{"self":[{"href":"https:\/\/www.portalminero.com\/wp\/wp-json\/wp\/v2\/posts\/134173"}],"collection":[{"href":"https:\/\/www.portalminero.com\/wp\/wp-json\/wp\/v2\/posts"}],"about":[{"href":"https:\/\/www.portalminero.com\/wp\/wp-json\/wp\/v2\/types\/post"}],"author":[{"embeddable":true,"href":"https:\/\/www.portalminero.com\/wp\/wp-json\/wp\/v2\/users\/26"}],"replies":[{"embeddable":true,"href":"https:\/\/www.portalminero.com\/wp\/wp-json\/wp\/v2\/comments?post=134173"}],"version-history":[{"count":1,"href":"https:\/\/www.portalminero.com\/wp\/wp-json\/wp\/v2\/posts\/134173\/revisions"}],"predecessor-version":[{"id":134175,"href":"https:\/\/www.portalminero.com\/wp\/wp-json\/wp\/v2\/posts\/134173\/revisions\/134175"}],"wp:featuredmedia":[{"embeddable":true,"href":"https:\/\/www.portalminero.com\/wp\/wp-json\/wp\/v2\/media\/134174"}],"wp:attachment":[{"href":"https:\/\/www.portalminero.com\/wp\/wp-json\/wp\/v2\/media?parent=134173"}],"wp:term":[{"taxonomy":"category","embeddable":true,"href":"https:\/\/www.portalminero.com\/wp\/wp-json\/wp\/v2\/categories?post=134173"},{"taxonomy":"post_tag","embeddable":true,"href":"https:\/\/www.portalminero.com\/wp\/wp-json\/wp\/v2\/tags?post=134173"}],"curies":[{"name":"wp","href":"https:\/\/api.w.org\/{rel}","templated":true}]}}