{"id":134612,"date":"2022-08-09T00:00:00","date_gmt":"2022-08-09T00:00:00","guid":{"rendered":"https:\/\/www.portalminero.com\/wp\/radomiro-tomic-refuerza-control-de-riesgos-en-mantenimiento-de-equipo-crucial-para-metas-2022\/"},"modified":"2022-08-09T16:46:33","modified_gmt":"2022-08-09T16:46:33","slug":"radomiro-tomic-refuerza-control-de-riesgos-en-mantenimiento-de-equipo-crucial-para-metas-2022","status":"publish","type":"post","link":"https:\/\/www.portalminero.com\/wp\/radomiro-tomic-refuerza-control-de-riesgos-en-mantenimiento-de-equipo-crucial-para-metas-2022\/","title":{"rendered":"Radomiro Tomic refuerza control de riesgos en mantenimiento de equipo crucial para metas 2022"},"content":{"rendered":"<h6><b>Chile<\/b><\/h6>\n<p>El gerente general de la divisi\u00f3n, Lindor Quiroga present\u00f3 a los colaboradoras y colaboradores del \u00e1rea los desaf\u00edos y procesos de transformaci\u00f3n que lleva a cabo Codelco.<\/p>\n<p><img class=\"imagen-noticia\" src=\"data:image\/gif;base64,R0lGODlhAQABAIAAAAAAAP\/\/\/yH5BAEAAAAALAAAAAABAAEAAAIBRAA7\" data-src=\"https:\/\/www.portalminero.com\/wp\/wp-content\/uploads\/subidos\/notasprensa\/14622_62f28a4e7cfbc.JPG\" alt=\"Radomiro Tomic refuerza control de riesgos en mantenimiento de equipo crucial para metas 2022\" \/><noscript><img class=\"imagen-noticia\" src=\"https:\/\/www.portalminero.com\/wp\/wp-content\/uploads\/subidos\/notasprensa\/14622_62f28a4e7cfbc.JPG\" alt=\"Radomiro Tomic refuerza control de riesgos en mantenimiento de equipo crucial para metas 2022\" \/><\/noscript><\/p>\n<div class=\"texto_prensa\" align=\"justify\"><strong>martes 09 de agosto del 2022.-<\/strong>\u00a0Hasta el patio Brotec donde se realiza el mantenimiento mayor de la pala 205, lleg\u00f3 el gerente general de Radomiro Tomic, Lindor Quiroga, acompa\u00f1ado por el gerente de Recursos Humanos, Fernando Avenda\u00f1o, para dialogar con el equipo humano a cargo, compuesto por integrantes de la Gerencia de Mantenimiento de la divisi\u00f3n y de la empresa Komatsu.<\/p>\n<p>Esta actividad fue crucial porque se trata de un equipo clave para avanzar y cumplir las metas de producci\u00f3n de la Divisi\u00f3n.<\/p>\n<p>A trav\u00e9s de una conversaci\u00f3n cercana y directa, se reforzaron los controles de riesgos y se revisaron, adem\u00e1s, los desaf\u00edos de Radomiro Tomic y de Codelco, as\u00ed como el prop\u00f3sito de la Corporaci\u00f3n en el marco de la transformaci\u00f3n que se est\u00e1 llevando a cabo. Luego, recorrieron el patio para ver en terreno c\u00f3mo avanza este overhaul.<\/p>\n<p>\u00abHe querido transmitir que -sobre todas las cosas- el primer valor es la seguridad de las personas. Por ning\u00fan motivo tenemos que descuidarnos y enfrentarnos a riesgos que no conocemos. He querido que ellos y ellas se empoderen, para que detengan los trabajos si es necesario. No tenemos que permitirnos, ni siquiera dudar, que haya un riesgo que no est\u00e9 controlado\u00bb, destac\u00f3 el m\u00e1ximo ejecutivo divisional.<\/p>\n<p>El equipo que lleva a cabo esta reparaci\u00f3n resalt\u00f3 la importancia de recibir de primera fuente toda la informaci\u00f3n necesaria para desarrollar de la mejor manera su trabajo.<\/p>\n<p>Tal es el caso de Sheila Olivares, asesora SSOMA Komatsu, que valor\u00f3 la instancia de conversaci\u00f3n. \u00abNos transmite a todos, no solamente a nosotros como SSOMA o administradores del proyecto, sino que a todo el equipo de trabajo, la importancia de la seguridad, la forma de hacer las cosas bien, la idea de mantener un ambiente confortable y agradable en el \u00e1rea de trabajo, para que las personas perciban la confianza de parte de la jefatura y de nosotros\u00bb.<\/p>\n<p>Por su parte, Jayson Aguirre, administrador de proyecto de la empresa Komatsu, agreg\u00f3: \u00abnos alegra bastante tener la visita del Gerente General de RT, que viene a reforzar todo lo que nosotros impulsamos con nuestra gente y escuchar de primera mano todo lo que es y significa el prop\u00f3sito de nuestro trabajo, la verdad es que es bastante gratificante\u00bb.<\/p>\n<p>Cabe destacar que los trabajos que realiza el equipo de mantenimiento de la pala 205 debe cumplir con los m\u00e1s altos est\u00e1ndares de seguridad y calidad para asegurar que la Gerencia Mina contar\u00e1 con este equipo en los plazos definidos, lo que permite seguir produciendo y aportando al pa\u00eds como lo ha venido haciendo de manera sostenida la divisi\u00f3n.<\/p><\/div>\n<hr \/>\n","protected":false},"excerpt":{"rendered":"<p>El gerente general de la divisi\u00f3n, Lindor Quiroga present\u00f3 a los colaboradoras y colaboradores del \u00e1rea los desaf\u00edos y procesos de transformaci\u00f3n que lleva a cabo Codelco.<\/p>\n","protected":false},"author":26,"featured_media":134613,"comment_status":"open","ping_status":"open","sticky":false,"template":"","format":"standard","meta":[],"categories":[60],"tags":[],"_links":{"self":[{"href":"https:\/\/www.portalminero.com\/wp\/wp-json\/wp\/v2\/posts\/134612"}],"collection":[{"href":"https:\/\/www.portalminero.com\/wp\/wp-json\/wp\/v2\/posts"}],"about":[{"href":"https:\/\/www.portalminero.com\/wp\/wp-json\/wp\/v2\/types\/post"}],"author":[{"embeddable":true,"href":"https:\/\/www.portalminero.com\/wp\/wp-json\/wp\/v2\/users\/26"}],"replies":[{"embeddable":true,"href":"https:\/\/www.portalminero.com\/wp\/wp-json\/wp\/v2\/comments?post=134612"}],"version-history":[{"count":1,"href":"https:\/\/www.portalminero.com\/wp\/wp-json\/wp\/v2\/posts\/134612\/revisions"}],"predecessor-version":[{"id":134615,"href":"https:\/\/www.portalminero.com\/wp\/wp-json\/wp\/v2\/posts\/134612\/revisions\/134615"}],"wp:featuredmedia":[{"embeddable":true,"href":"https:\/\/www.portalminero.com\/wp\/wp-json\/wp\/v2\/media\/134613"}],"wp:attachment":[{"href":"https:\/\/www.portalminero.com\/wp\/wp-json\/wp\/v2\/media?parent=134612"}],"wp:term":[{"taxonomy":"category","embeddable":true,"href":"https:\/\/www.portalminero.com\/wp\/wp-json\/wp\/v2\/categories?post=134612"},{"taxonomy":"post_tag","embeddable":true,"href":"https:\/\/www.portalminero.com\/wp\/wp-json\/wp\/v2\/tags?post=134612"}],"curies":[{"name":"wp","href":"https:\/\/api.w.org\/{rel}","templated":true}]}}