{"id":135476,"date":"2022-08-31T00:00:00","date_gmt":"2022-08-31T00:00:00","guid":{"rendered":"https:\/\/www.portalminero.com\/wp\/carebox-chile-entrega-recomendaciones-para-que-trabajadores-se-cuiden-de-los-rayos-uv\/"},"modified":"2022-08-31T15:45:49","modified_gmt":"2022-08-31T15:45:49","slug":"carebox-chile-entrega-recomendaciones-para-que-trabajadores-se-cuiden-de-los-rayos-uv","status":"publish","type":"post","link":"https:\/\/www.portalminero.com\/wp\/carebox-chile-entrega-recomendaciones-para-que-trabajadores-se-cuiden-de-los-rayos-uv\/","title":{"rendered":"Carebox Chile entrega recomendaciones para que trabajadores se cuiden de los rayos UV"},"content":{"rendered":"<h6><b>Chile<\/b><\/h6>\n<p>Inteligencia artificial al servicio de la salud laboral, para cumplir con los m\u00ednimos necesarios de acuerdo a la OMS y la Direcci\u00f3n de Trabajo.<\/p>\n<p><img class=\"imagen-noticia\" src=\"data:image\/gif;base64,R0lGODlhAQABAIAAAAAAAP\/\/\/yH5BAEAAAAALAAAAAABAAEAAAIBRAA7\" data-src=\"https:\/\/www.portalminero.com\/wp\/wp-content\/uploads\/subidos\/notasprensa\/14669_630f813796d12.jpg\" alt=\"Carebox Chile entrega recomendaciones para que trabajadores se cuiden de los rayos UV\" \/><noscript><img class=\"imagen-noticia\" src=\"https:\/\/www.portalminero.com\/wp\/wp-content\/uploads\/subidos\/notasprensa\/14669_630f813796d12.jpg\" alt=\"Carebox Chile entrega recomendaciones para que trabajadores se cuiden de los rayos UV\" \/><\/noscript><\/p>\n<div class=\"texto_prensa\" align=\"justify\"><strong>mi\u00e9rcoles 31 de agosto del 2022.-<\/strong>\u00a0Largas jornadas laborales en exposici\u00f3n al sol y sin ning\u00fan tipo de protecci\u00f3n solar puede tener importantes repercusiones en el bienestar y salud. Seg\u00fan la OMS, en Chile en los \u00faltimos 10 a\u00f1os se han duplicado los casos de c\u00e1ncer a la piel, con m\u00e1s de 850 casos de melanoma diagnosticados al a\u00f1o, y cerca de 370 personas que fallecen en ese mismo periodo producto de esta enfermedad.<\/p>\n<p>Invierno o verano, las quemaduras solares se producen todo el a\u00f1o, ya que las radiaciones solares UVA y UVB, las m\u00e1s perjudiciales para la piel, no distinguen estaciones. Los peligros que provocan los rayos ultravioletas son cada d\u00eda m\u00e1s intensos, especialmente para los trabajadores que desarrollan sus labores al aire libre<\/p>\n<p>Las empresas y organizaciones generalmente act\u00faan de acuerdo a lo que exige la ley, donde seg\u00fan la normativa chilena, los empleadores deben proveer de protector solar y asegurarse que se lo aplique 3 veces al d\u00eda, pero corroborar que esto se cumpla no es una tarea f\u00e1cil.<\/p>\n<p>En este marco, Carebox es una innovadora plataforma digital que permite a los empleadores cerciorarse de que los trabajadores acceden a la cantidad exacta de protector solar que exige la OMS y la ley 20.096.<\/p>\n<p>La firma entrega recomendaciones para que todos y, en especial quienes trabajan al aire libre, se cuiden.<\/p>\n<p><strong>Utilizar protector solar y en la cantidad que recomienda la OMS<\/strong><\/p>\n<p>Es importante utilizar protecci\u00f3n solar no tan solo en la \u00e9poca de verano. Usar adecuadamente protector solar en todos los lugares del cuerpo que est\u00e1n expuestos al sol debe ser una constante durante todo el a\u00f1o, sobre todo para quienes trabajan al aire libre y est\u00e1n expuestos a estos rayos solares, por muy inofensivos que parezcan.<\/p>\n<p>Para las empresas es dif\u00edcil llevar un control de que sus trabajadores usen el protector que se les entrega, por eso se han creado innovaciones como Carebox Chile que ayuda a asegurar que los trabajadores utilicen fotoprotector todo el a\u00f1o y retoquen varias veces al d\u00eda con la dosis adecuada.<\/p>\n<p>Sin embargo, en paralelo hay que hacer capacitaciones a los trabajadores, concientizarlos para que comprendan el riesgo de no usar protector solar y generar un compromiso de autocuidarse.<\/p>\n<p><strong>Cubrir la cabeza y las zonas del cuerpo expuestas al sol<\/strong><\/p>\n<p>Es conveniente que los trabajadores utilicen prendas que cubran los brazos y las piernas, adem\u00e1s una gorra, sombrero y lentes, de esta manera se\u00a0 proteger\u00e1 las zonas m\u00e1s sensibles de la cara como los ojos, los labios e incluso el cuello. Estos son elementos que la empresa debe proveer al trabajador, al igual que el factor solar.<\/p>\n<p><strong>Autoexploraciones de la piel<\/strong><\/p>\n<p>Adem\u00e1s de cuidar la piel, es importante saber c\u00f3mo realizar autoexploraciones constantemente, ya que un diagn\u00f3stico precoz es la clave para la curaci\u00f3n de lesiones graves producidas por el sol. Por esta raz\u00f3n una de las recomendaciones de Carebox Chile es visualizar ante un espejo cada parte del cuerpo para detectar una posible lesi\u00f3n en forma de mancha o lunar sospechoso.<\/p>\n<p>Adem\u00e1s Carebox, recomienda a los empleadores ir m\u00e1s all\u00e1 de lo establecido por la ley y hacer campa\u00f1as y capacitaciones frecuentemente donde se permita hablar sobre los riesgos a los que se ven expuestos si no siguen estas indicaciones y de esta manera concientizar para que incorporen estas recomendaciones en su d\u00eda a d\u00eda.<\/p><\/div>\n<hr \/>\n","protected":false},"excerpt":{"rendered":"<p>Inteligencia artificial al servicio de la salud laboral, para cumplir con los m\u00ednimos necesarios de acuerdo a la OMS y la Direcci\u00f3n de Trabajo.<\/p>\n","protected":false},"author":26,"featured_media":135477,"comment_status":"open","ping_status":"open","sticky":false,"template":"","format":"standard","meta":[],"categories":[60],"tags":[],"_links":{"self":[{"href":"https:\/\/www.portalminero.com\/wp\/wp-json\/wp\/v2\/posts\/135476"}],"collection":[{"href":"https:\/\/www.portalminero.com\/wp\/wp-json\/wp\/v2\/posts"}],"about":[{"href":"https:\/\/www.portalminero.com\/wp\/wp-json\/wp\/v2\/types\/post"}],"author":[{"embeddable":true,"href":"https:\/\/www.portalminero.com\/wp\/wp-json\/wp\/v2\/users\/26"}],"replies":[{"embeddable":true,"href":"https:\/\/www.portalminero.com\/wp\/wp-json\/wp\/v2\/comments?post=135476"}],"version-history":[{"count":1,"href":"https:\/\/www.portalminero.com\/wp\/wp-json\/wp\/v2\/posts\/135476\/revisions"}],"predecessor-version":[{"id":135478,"href":"https:\/\/www.portalminero.com\/wp\/wp-json\/wp\/v2\/posts\/135476\/revisions\/135478"}],"wp:featuredmedia":[{"embeddable":true,"href":"https:\/\/www.portalminero.com\/wp\/wp-json\/wp\/v2\/media\/135477"}],"wp:attachment":[{"href":"https:\/\/www.portalminero.com\/wp\/wp-json\/wp\/v2\/media?parent=135476"}],"wp:term":[{"taxonomy":"category","embeddable":true,"href":"https:\/\/www.portalminero.com\/wp\/wp-json\/wp\/v2\/categories?post=135476"},{"taxonomy":"post_tag","embeddable":true,"href":"https:\/\/www.portalminero.com\/wp\/wp-json\/wp\/v2\/tags?post=135476"}],"curies":[{"name":"wp","href":"https:\/\/api.w.org\/{rel}","templated":true}]}}