{"id":138055,"date":"2022-11-02T00:00:00","date_gmt":"2022-11-02T00:00:00","guid":{"rendered":"https:\/\/www.portalminero.com\/wp\/proloa-y-comdes-firman-convenio-que-apoyara-mejoras-en-la-educacion\/"},"modified":"2022-11-02T00:00:00","modified_gmt":"2022-11-02T00:00:00","slug":"proloa-y-comdes-firman-convenio-que-apoyara-mejoras-en-la-educacion","status":"publish","type":"post","link":"https:\/\/www.portalminero.com\/wp\/proloa-y-comdes-firman-convenio-que-apoyara-mejoras-en-la-educacion\/","title":{"rendered":"Proloa y Comdes firman convenio que apoyar\u00e1 mejoras en la educaci\u00f3n"},"content":{"rendered":"<h6><b>Chile<\/b><\/h6>\n<p>El trabajo est\u00e1 orientado a tres importantes proyectos que ser\u00e1n beneficiosos para la comuna de Calama.<\/p>\n<p><img class=\"imagen-noticia\" src=\"https:\/\/www.portalminero.com\/wp\/wp-content\/uploads\/subidos\/notasprensa\/14797_636288af3f4a7.jpg\" alt=\"Proloa y Comdes firman convenio que apoyar\u00e1 mejoras en la educaci\u00f3n\"><\/p>\n<div align=\"justify\" class=\"texto_prensa\"><strong>mi\u00e9rcoles 02 de noviembre del 2022.-<\/strong>&nbsp;Con tres iniciativas que van en pro del progreso educativo de la comuna de Calama, se realiz&oacute; la firma de convenio entre la Corporaci&oacute;n de Desarrollo de la Provincia de El Loa (Proloa) y la Corporaci&oacute;n Municipal de Desarrollo Social (Comdes).<\/p>\n<p>Franco Barrera, gerente general de Proloa manifest\u00f3 que \u00abpensamos que el desarrollo en los territorios pasa por un trabajo de convergencia entre lo p\u00fablico y privado. Este convenio es de gran importancia porque involucra en detalle algunas iniciativas como el programa Diamantes que ya comenz\u00f3 su ejecuci\u00f3n en la Escuela Diferencial F- 33 R\u00edo Loa\u00bb.<\/p>\n<p>Los otros proyectos se enfocan en el levantamiento de necesidades levantadas desde los actores locales. Uno est\u00e1 enfocado en apoyar las pr\u00e1cticas profesionales de los estudiantes y el otro tiene que ver con el rescate del patrimonio a trav\u00e9s de la redacci\u00f3n e impresi\u00f3n de textos y la difusi\u00f3n de ellos en algunos recintos educacionales.<\/p>\n<p>Humberto Arraya, director ejecutivo de Comdes se\u00f1al\u00f3 que \u00abeste trabajo es relevante porque nos orienta a acercarnos un poco m\u00e1s al \u00e1rea privada y poder trabajar en estas alianzas que van en directo beneficio de nuestros estudiantes. Para nosotros el objetivo principal es cada vez lograr mejores competencias en los escolares del \u00e1rea t\u00e9cnico profesional y como se requieren muchos recursos necesitamos el apoyo de empresas privadas para hacer crecer lo que es educaci\u00f3n de calidad en nuestra comuna\u00bb.<\/p>\n<p>Eliecer Chamorro, alcalde de Calama destac\u00f3 que \u00abse toma en valor a los estudiantes y existe un trabajo que se viene haciendo desde hace tiempo en varios establecimientos educacionales y nos sentimos contentos porque estamos en lo que uno espera cuando hay una agrupaci\u00f3n de empresas que a trav\u00e9s de Proloa est\u00e1n dispuestos a apoyar este proceso que se desarrollar\u00e1 en el transcurso del tiempo\u00bb.<\/p>\n<p>El programa Diamantes, parte de este convenio, lleva una ejecuci\u00f3n importante con la realizaci\u00f3n de seminarios y mentor\u00edas que ponen en la mesa temas importantes relacionados con la inclusi\u00f3n en la sociedad.<\/p><\/div>\n<hr>\n","protected":false},"excerpt":{"rendered":"<p>El trabajo est\u00e1 orientado a tres importantes proyectos que ser\u00e1n beneficiosos para la comuna de Calama.<\/p>\n","protected":false},"author":5,"featured_media":138056,"comment_status":"open","ping_status":"open","sticky":false,"template":"","format":"standard","meta":[],"categories":[60],"tags":[],"_links":{"self":[{"href":"https:\/\/www.portalminero.com\/wp\/wp-json\/wp\/v2\/posts\/138055"}],"collection":[{"href":"https:\/\/www.portalminero.com\/wp\/wp-json\/wp\/v2\/posts"}],"about":[{"href":"https:\/\/www.portalminero.com\/wp\/wp-json\/wp\/v2\/types\/post"}],"author":[{"embeddable":true,"href":"https:\/\/www.portalminero.com\/wp\/wp-json\/wp\/v2\/users\/5"}],"replies":[{"embeddable":true,"href":"https:\/\/www.portalminero.com\/wp\/wp-json\/wp\/v2\/comments?post=138055"}],"version-history":[{"count":0,"href":"https:\/\/www.portalminero.com\/wp\/wp-json\/wp\/v2\/posts\/138055\/revisions"}],"wp:featuredmedia":[{"embeddable":true,"href":"https:\/\/www.portalminero.com\/wp\/wp-json\/wp\/v2\/media\/138056"}],"wp:attachment":[{"href":"https:\/\/www.portalminero.com\/wp\/wp-json\/wp\/v2\/media?parent=138055"}],"wp:term":[{"taxonomy":"category","embeddable":true,"href":"https:\/\/www.portalminero.com\/wp\/wp-json\/wp\/v2\/categories?post=138055"},{"taxonomy":"post_tag","embeddable":true,"href":"https:\/\/www.portalminero.com\/wp\/wp-json\/wp\/v2\/tags?post=138055"}],"curies":[{"name":"wp","href":"https:\/\/api.w.org\/{rel}","templated":true}]}}