{"id":139539,"date":"2022-12-09T00:00:00","date_gmt":"2022-12-09T00:00:00","guid":{"rendered":"https:\/\/www.portalminero.com\/wp\/iglesia-de-toconao-reabre-sus-puertas-a-la-comunidad-tras-proceso-de-reconstruccion\/"},"modified":"2022-12-09T00:00:00","modified_gmt":"2022-12-09T00:00:00","slug":"iglesia-de-toconao-reabre-sus-puertas-a-la-comunidad-tras-proceso-de-reconstruccion","status":"publish","type":"post","link":"https:\/\/www.portalminero.com\/wp\/iglesia-de-toconao-reabre-sus-puertas-a-la-comunidad-tras-proceso-de-reconstruccion\/","title":{"rendered":"Iglesia de Toconao reabre sus puertas a la comunidad tras proceso de reconstrucci\u00f3n"},"content":{"rendered":"<h6><b>Chile<\/b><\/h6>\n<p>Producto de las lluvias estivales ocurridas en 2019 y tras cinco a\u00f1os de cierre, la capilla San Lucas fue remodelada y restaurada manteniendo la arquitectura de esta edificaci\u00f3n patrimonial construida en el siglo XVIII.<\/p>\n<p><img class=\"imagen-noticia\" src=\"https:\/\/www.portalminero.com\/wp\/wp-content\/uploads\/subidos\/notasprensa\/14879_6393472f3b103.jpg\" alt=\"Iglesia de Toconao reabre sus puertas a la comunidad tras proceso de reconstrucci\u00f3n\"><\/p>\n<div align=\"justify\" class=\"texto_prensa\"><strong>viernes 09 de diciembre del 2022.-<\/strong>&nbsp;Con el apoyo de SQM y a trav&eacute;s de la gesti&oacute;n de la comunidad atacame&ntilde;a de Toconao y la junta de vecinos del poblado, se realizaron los trabajos de restauraci&oacute;n de la Capilla San Lucas, una de las construcciones m&aacute;s t&iacute;picas de esta zona y que fue reinaugurada junto a los vecinos y vecinas de Toconao, quienes participaron de una emotiva ceremonia y liturgia para celebrar la apertura de la capilla.<\/p>\n<p>La presidenta de la Comunidad Atacame\u00f1a de Toconao, Luzvenia Catur, se\u00f1al\u00f3 que \u00abtoda la comunidad est\u00e1 muy feliz porque despu\u00e9s de tanto tiempo que nuestra iglesia estuvo sin funcionar, se va a poder visitar y asistir a las misas. El apoyo es importante y agradecida de las dos empresas vecinas que tenemos en Toconao, que siempre est\u00e1n llanos a colaborar\u00bb.\u00a0<\/p>\n<p>Visi\u00f3n similar tiene Manuel Salvatierra, presidente del Consejo de Pueblos Atacame\u00f1os, quien expres\u00f3: \u00abSe nos dio la oportunidad de acompa\u00f1ar a esta comunidad que puso su esfuerzo y sue\u00f1os a levantar nuevamente los muros de un pueblo y de un culto de encuentro que es muy significativo porque cobij\u00f3 a muchas generaciones y creo que esto es motivo de alegr\u00eda para las dem\u00e1s comunidades\u00bb.<\/p>\n<p><strong>Restauraci\u00f3n<\/strong><\/p>\n<p>El trabajo realizado consisti\u00f3 en mantener las dos fachadas de la parroquia, reconstruyendo esta obra con materiales locales y dejando una estructura acorde a las construcciones que tiene Toconao en este espacio religioso ubicado al frente de la plaza central del poblado.<\/p>\n<p>Para el p\u00e1rroco del Salar de Atacama, N\u00e9stor Veneros, esta obra fue muy anhelada por la comunidad: \u00abEs muy significativo volver a contar con este lugar, que es la casa de todos. Es un lugar fundamental para poder vivir la experiencia de la cosmovisi\u00f3n andina y la fe, y que luego de 5 a\u00f1os tenemos la posibilidad de reinaugurarla y consagrarla con el fin de recibir a los nuevos cristianos y despedir a las personas que partan al encuentro de Dios\u00bb.<\/p>\n<p>El alcalde de la comuna, Justo Zuleta, explic\u00f3 la importancia de esta apertura: \u00abHa sido un momento muy emocionante el ver c\u00f3mo el trabajo mancomunado, la uni\u00f3n entre las empresas con el pueblo, ayudan a volver a darle vida a este espacio de encuentro para los y las habitantes de este lugar\u00bb.<\/p>\n<p>Toconares que viven con devoci\u00f3n sus fiestas y que toman trascendencia con la apertura de este espacio. En este sentido, el presidente de la junta de vecinos del poblado, Manuel Silvestre, destac\u00f3: \u00abEsta iglesia no solo representa un espacio religioso, pues es un lugar de encuentro del pueblo en diferentes etapas: fiestas patronales y de santos, bautizos, cuando uno despide a alguien que ya no est\u00e1 con nosotros. Es un punto de encuentro, un lugar de acogida\u00bb.<\/p>\n<p>Javier Silva gerente de Sostenibilidad y Asuntos Comunitarios de SQM, se refiri\u00f3 a lo importante que es para esta compa\u00f1\u00eda ser parte de este proceso de reconstrucci\u00f3n de la Iglesia de San Lucas, contribuyendo a su rescate patrimonial.<\/p>\n<p>\u00abMantener las tradiciones y que estas contin\u00faen en el tiempo, para nosotros es primordial. Si junto con ello nos dan el espacio de colaborar y de trabajar en conjunto es trascendental en nuestra relaci\u00f3n comunitaria que es lo que estamos buscando como compa\u00f1\u00eda, apoyarlos en sus sue\u00f1os y continuar fortaleciendor lazos a trav\u00e9s de la creaci\u00f3n de valor social compartido que es un eje esencial de nuestro Plan de Sostenibilidad corporativo\u00bb, dijo.<\/p>\n<p>La remozada capilla que ya fue parte de la celebraci\u00f3n del patrono del pueblo San Lucas, recibiendo a toda la comunidad y visitantes en sus fiestas religiosas.<\/p><\/div>\n<hr>\n","protected":false},"excerpt":{"rendered":"<p>Producto de las lluvias estivales ocurridas en 2019 y tras cinco a\u00f1os de cierre, la capilla San Lucas fue remodelada y restaurada manteniendo la arquitectura de esta edificaci\u00f3n patrimonial construida en el siglo XVIII.<\/p>\n","protected":false},"author":5,"featured_media":139540,"comment_status":"open","ping_status":"open","sticky":false,"template":"","format":"standard","meta":[],"categories":[60],"tags":[],"_links":{"self":[{"href":"https:\/\/www.portalminero.com\/wp\/wp-json\/wp\/v2\/posts\/139539"}],"collection":[{"href":"https:\/\/www.portalminero.com\/wp\/wp-json\/wp\/v2\/posts"}],"about":[{"href":"https:\/\/www.portalminero.com\/wp\/wp-json\/wp\/v2\/types\/post"}],"author":[{"embeddable":true,"href":"https:\/\/www.portalminero.com\/wp\/wp-json\/wp\/v2\/users\/5"}],"replies":[{"embeddable":true,"href":"https:\/\/www.portalminero.com\/wp\/wp-json\/wp\/v2\/comments?post=139539"}],"version-history":[{"count":0,"href":"https:\/\/www.portalminero.com\/wp\/wp-json\/wp\/v2\/posts\/139539\/revisions"}],"wp:featuredmedia":[{"embeddable":true,"href":"https:\/\/www.portalminero.com\/wp\/wp-json\/wp\/v2\/media\/139540"}],"wp:attachment":[{"href":"https:\/\/www.portalminero.com\/wp\/wp-json\/wp\/v2\/media?parent=139539"}],"wp:term":[{"taxonomy":"category","embeddable":true,"href":"https:\/\/www.portalminero.com\/wp\/wp-json\/wp\/v2\/categories?post=139539"},{"taxonomy":"post_tag","embeddable":true,"href":"https:\/\/www.portalminero.com\/wp\/wp-json\/wp\/v2\/tags?post=139539"}],"curies":[{"name":"wp","href":"https:\/\/api.w.org\/{rel}","templated":true}]}}