{"id":140932,"date":"2023-01-10T00:00:00","date_gmt":"2023-01-10T00:00:00","guid":{"rendered":"https:\/\/www.portalminero.com\/wp\/estudiante-becada-por-el-abra-realizo-taller-para-adultos-mayores-de-chiu-chiu\/"},"modified":"2023-01-10T15:36:26","modified_gmt":"2023-01-10T15:36:26","slug":"estudiante-becada-por-el-abra-realizo-taller-para-adultos-mayores-de-chiu-chiu","status":"publish","type":"post","link":"https:\/\/www.portalminero.com\/wp\/estudiante-becada-por-el-abra-realizo-taller-para-adultos-mayores-de-chiu-chiu\/","title":{"rendered":"Estudiante becada por El Abra realiz\u00f3 taller para adultos mayores de Chiu Chiu"},"content":{"rendered":"<h6><b>Chile<\/b><\/h6>\n<p><strong>Como parte de su compromiso de retribuci\u00f3n con su comunidad la joven prepar\u00f3 un taller de estimulaci\u00f3n para trabajar en el \u00e1rea motriz, cognitiva, memoria, atenci\u00f3n y lo socioafectivo<\/strong>.<\/p>\n<p><img class=\"imagen-noticia\" src=\"data:image\/gif;base64,R0lGODlhAQABAIAAAAAAAP\/\/\/yH5BAEAAAAALAAAAAABAAEAAAIBRAA7\" data-src=\"https:\/\/www.portalminero.com\/wp\/wp-content\/uploads\/subidos\/notasprensa\/14941_63bd84d1a84f3.jpg\" alt=\"Estudiante becada por El Abra realiz\u00f3 taller para adultos mayores de Chiu Chiu\" \/><noscript><img class=\"imagen-noticia\" src=\"https:\/\/www.portalminero.com\/wp\/wp-content\/uploads\/subidos\/notasprensa\/14941_63bd84d1a84f3.jpg\" alt=\"Estudiante becada por El Abra realiz\u00f3 taller para adultos mayores de Chiu Chiu\" \/><\/noscript><\/p>\n<div class=\"texto_prensa\" align=\"justify\"><strong>martes 10 de enero del 2023.-<\/strong>\u00a0Un trabajo directo, l\u00fadico y de estimulaci\u00f3n cognitiva con adultas mayores de la comunidad de Chiu Chiu fue el realizado por Javiera Cortes, una joven estudiante de Psicopedagog\u00eda de Inacap, beneficiaria durante cuatro a\u00f1os por la Beca Ind\u00edgena, apoyo para los estudios superiores que entrega Minera El Abra a j\u00f3venes de comunidades ind\u00edgenas de la Provincia de El Loa, lo que le ha permitido hoy estar cerca de finalizar su carrera profesional.<\/p>\n<p>Javiera, es oriunda de Chiu Chiu y reconoce que esta beca ha sido un gran apoyo para poder estudiar. \u00abPersonalmente no tengo los recursos para poder costear una carrera y pagar los aranceles. Tuve acceso a la gratuidad, pero la gratuidad no convalidaba mi carrera, entonces, es dif\u00edcil poder costear una mensualidad, la matr\u00edcula, por lo que acceder a esta beca, poder tenerla, ha sido de mucho apoyo\u00bb.<\/p>\n<p>El taller es parte de su compromiso de retribuci\u00f3n comunitaria con su territorio de origen al adjudicarse la beca, el cual estuvo enfocado en los adultos mayores, quienes realizaron diversos ejercicios did\u00e1cticos, de entretenci\u00f3n y competencia, con el fin de trabajar y estimular el \u00e1rea motriz, cognitiva, memoria, atenci\u00f3n y tambi\u00e9n lo socioafectivo.<\/p>\n<p>En total ya no son m\u00e1s de 600 estudiantes de Alto El Loa y asociaciones y comunidades ind\u00edgenas de Calama, quienes han sido beneficiados y beneficiadas con el programa de Becas Ind\u00edgenas de Minera El Abra, vigente hace 19 a\u00f1os en el territorio.<\/p><\/div>\n<hr \/>\n","protected":false},"excerpt":{"rendered":"<p>Como parte de su compromiso de retribuci\u00f3n con su comunidad la joven prepar\u00f3 un taller de estimulaci\u00f3n para trabajar en el \u00e1rea motriz, cognitiva, memoria, atenci\u00f3n y lo socioafectivo.<\/p>\n","protected":false},"author":26,"featured_media":140933,"comment_status":"open","ping_status":"open","sticky":false,"template":"","format":"standard","meta":[],"categories":[60],"tags":[],"_links":{"self":[{"href":"https:\/\/www.portalminero.com\/wp\/wp-json\/wp\/v2\/posts\/140932"}],"collection":[{"href":"https:\/\/www.portalminero.com\/wp\/wp-json\/wp\/v2\/posts"}],"about":[{"href":"https:\/\/www.portalminero.com\/wp\/wp-json\/wp\/v2\/types\/post"}],"author":[{"embeddable":true,"href":"https:\/\/www.portalminero.com\/wp\/wp-json\/wp\/v2\/users\/26"}],"replies":[{"embeddable":true,"href":"https:\/\/www.portalminero.com\/wp\/wp-json\/wp\/v2\/comments?post=140932"}],"version-history":[{"count":1,"href":"https:\/\/www.portalminero.com\/wp\/wp-json\/wp\/v2\/posts\/140932\/revisions"}],"predecessor-version":[{"id":140934,"href":"https:\/\/www.portalminero.com\/wp\/wp-json\/wp\/v2\/posts\/140932\/revisions\/140934"}],"wp:featuredmedia":[{"embeddable":true,"href":"https:\/\/www.portalminero.com\/wp\/wp-json\/wp\/v2\/media\/140933"}],"wp:attachment":[{"href":"https:\/\/www.portalminero.com\/wp\/wp-json\/wp\/v2\/media?parent=140932"}],"wp:term":[{"taxonomy":"category","embeddable":true,"href":"https:\/\/www.portalminero.com\/wp\/wp-json\/wp\/v2\/categories?post=140932"},{"taxonomy":"post_tag","embeddable":true,"href":"https:\/\/www.portalminero.com\/wp\/wp-json\/wp\/v2\/tags?post=140932"}],"curies":[{"name":"wp","href":"https:\/\/api.w.org\/{rel}","templated":true}]}}