{"id":143269,"date":"2023-02-23T00:00:00","date_gmt":"2023-02-23T00:00:00","guid":{"rendered":"https:\/\/www.portalminero.com\/wp\/codelco-andina-refuerza-invitacion-para-postular-a-programa-de-apoyo-al-emprendimiento-local\/"},"modified":"2023-02-23T17:04:58","modified_gmt":"2023-02-23T17:04:58","slug":"codelco-andina-refuerza-invitacion-para-postular-a-programa-de-apoyo-al-emprendimiento-local","status":"publish","type":"post","link":"https:\/\/www.portalminero.com\/wp\/codelco-andina-refuerza-invitacion-para-postular-a-programa-de-apoyo-al-emprendimiento-local\/","title":{"rendered":"Codelco Andina refuerza invitaci\u00f3n para postular a programa de apoyo al emprendimiento local"},"content":{"rendered":"<h6><b>Chile<\/b><\/h6>\n<p><strong>Asistentes tuvieron la oportunidad de aclarar todas sus dudas en torno al proceso de postulaci\u00f3n.<\/strong><\/p>\n<p><img class=\"imagen-noticia\" src=\"data:image\/gif;base64,R0lGODlhAQABAIAAAAAAAP\/\/\/yH5BAEAAAAALAAAAAABAAEAAAIBRAA7\" data-src=\"https:\/\/www.portalminero.com\/wp\/wp-content\/uploads\/subidos\/notasprensa\/15020_63f79c1e19007.JPG\" alt=\"Codelco Andina refuerza invitaci\u00f3n para postular a programa de apoyo al emprendimiento local\" \/><noscript><img class=\"imagen-noticia\" src=\"https:\/\/www.portalminero.com\/wp\/wp-content\/uploads\/subidos\/notasprensa\/15020_63f79c1e19007.JPG\" alt=\"Codelco Andina refuerza invitaci\u00f3n para postular a programa de apoyo al emprendimiento local\" \/><\/noscript><\/p>\n<div class=\"texto_prensa\" align=\"justify\"><strong>jueves 23 de febrero del 2023.-<\/strong>\u00a0Con una invitaci\u00f3n abierta a la comunidad, Divisi\u00f3n Andina organiz\u00f3 una charla virtual para reforzar la difusi\u00f3n del programa \u201cEmprendimiento con Futuro\u201d, que busca entregar mayores opciones de desarrollo a 30 emprendedores\/as del Camino Internacional.<\/p>\n<p>La actividad fue dirigida por representantes de la divisi\u00f3n, en conjunto con \u201cAcci\u00f3n Emprendedora\u201d, consultora que apoya la ejecuci\u00f3n de este proceso. En la ocasi\u00f3n se explicaron las principales caracter\u00edsticas del programa y se resolvieron dudas sobre<br \/>\nrequisitos de postulaci\u00f3n y plazos de inscripci\u00f3n, entre otros temas.<\/p>\n<p>\u201cPara la divisi\u00f3n es importante dinamizar la econom\u00eda local, por eso buscamos fortalecer la actividad de nuestros vecinos\/as que son emprendedores, quienes acceder\u00e1n a un plan de formaci\u00f3n que adem\u00e1s incluir\u00e1 como complemento informaci\u00f3n acerca de nivelaci\u00f3n digital, temas legales para emprender, alternativas de venta y generaci\u00f3n de redes\u201d, destac\u00f3 Abraham Bravo, director de Desarrollo Comunitario.<\/p>\n<p>Por su parte, y una vez finalizada esta charla virtual, el gerente de Acci\u00f3n Emprendedora, Andr\u00e9s Deves, dijo que \u201cEs importante que las y los habitantes del Camino Internacional tengan el mayor acceso posible a la informaci\u00f3n del programa de emprendimiento para que aprovechen esta gran oportunidad y potencien sus negocios, por esta raz\u00f3n intentamos resolver todas las dudas de los vecinos en la charla\u201d.<\/p>\n<p>La iniciativa contempla un acompa\u00f1amiento de 11 meses que incluye un plan de formaci\u00f3n de sesiones te\u00f3ricas y pr\u00e1cticas donde se les ense\u00f1ar\u00e1 modelos de negocio, contabilidad b\u00e1sica, comercio virtual, innovaci\u00f3n y postulaci\u00f3n a fondos, adem\u00e1s quienes resulten seleccionados recibir\u00e1n un capital para invertir en su emprendimiento.<\/p>\n<p>El proceso de postulaci\u00f3n tiene vigencia hasta el mi\u00e9rcoles 15 de marzo y las inscripciones se pueden realizar en formato <em>online<\/em>, en la p\u00e1gina web de Emprendimiento con Futuro (<a href=\"https:\/\/www.emprendimientoconfuturo.cl\/\">https:\/\/www.emprendimientoconfuturo.cl\/<\/a>) o presencial en las juntas de vecinos de las comunidades a las que est\u00e1 dirigido el programa.<\/p>\n<p>La materializaci\u00f3n de proyectos de este tipo forma parte de la estrategia de desarrollo comunitario de Codelco Andina, en el eje de empleabilidad local. Adem\u00e1s, se integra a una serie de iniciativas sociales asociadas a la Resoluci\u00f3n de Calificaci\u00f3n Ambiental (RCA) del proyecto Dep\u00f3sito de Lastre Norte (DLN).<\/p><\/div>\n<hr \/>\n","protected":false},"excerpt":{"rendered":"<p>Asistentes tuvieron la oportunidad de aclarar todas sus dudas en torno al proceso de postulaci\u00f3n.<\/p>\n","protected":false},"author":26,"featured_media":143270,"comment_status":"open","ping_status":"open","sticky":false,"template":"","format":"standard","meta":[],"categories":[60],"tags":[],"_links":{"self":[{"href":"https:\/\/www.portalminero.com\/wp\/wp-json\/wp\/v2\/posts\/143269"}],"collection":[{"href":"https:\/\/www.portalminero.com\/wp\/wp-json\/wp\/v2\/posts"}],"about":[{"href":"https:\/\/www.portalminero.com\/wp\/wp-json\/wp\/v2\/types\/post"}],"author":[{"embeddable":true,"href":"https:\/\/www.portalminero.com\/wp\/wp-json\/wp\/v2\/users\/26"}],"replies":[{"embeddable":true,"href":"https:\/\/www.portalminero.com\/wp\/wp-json\/wp\/v2\/comments?post=143269"}],"version-history":[{"count":1,"href":"https:\/\/www.portalminero.com\/wp\/wp-json\/wp\/v2\/posts\/143269\/revisions"}],"predecessor-version":[{"id":143271,"href":"https:\/\/www.portalminero.com\/wp\/wp-json\/wp\/v2\/posts\/143269\/revisions\/143271"}],"wp:featuredmedia":[{"embeddable":true,"href":"https:\/\/www.portalminero.com\/wp\/wp-json\/wp\/v2\/media\/143270"}],"wp:attachment":[{"href":"https:\/\/www.portalminero.com\/wp\/wp-json\/wp\/v2\/media?parent=143269"}],"wp:term":[{"taxonomy":"category","embeddable":true,"href":"https:\/\/www.portalminero.com\/wp\/wp-json\/wp\/v2\/categories?post=143269"},{"taxonomy":"post_tag","embeddable":true,"href":"https:\/\/www.portalminero.com\/wp\/wp-json\/wp\/v2\/tags?post=143269"}],"curies":[{"name":"wp","href":"https:\/\/api.w.org\/{rel}","templated":true}]}}