{"id":145061,"date":"2023-03-28T00:00:00","date_gmt":"2023-03-28T00:00:00","guid":{"rendered":"https:\/\/www.portalminero.com\/wp\/sqm-conmemoro-mes-de-la-mujer-con-nutrida-programacion-para-promover-la-equidad-de-genero-en-la-industria\/"},"modified":"2023-03-28T14:06:08","modified_gmt":"2023-03-28T14:06:08","slug":"sqm-conmemoro-mes-de-la-mujer-con-nutrida-programacion-para-promover-la-equidad-de-genero-en-la-industria","status":"publish","type":"post","link":"https:\/\/www.portalminero.com\/wp\/sqm-conmemoro-mes-de-la-mujer-con-nutrida-programacion-para-promover-la-equidad-de-genero-en-la-industria\/","title":{"rendered":"SQM conmemor\u00f3 Mes de la Mujer con nutrida programaci\u00f3n para promover la equidad de g\u00e9nero en la industria"},"content":{"rendered":"<h6><b>Chile<\/b><\/h6>\n<p><strong>Con una serie de actividades, la compa\u00f1\u00eda conmemor\u00f3 el Mes de la Mujer con el programa \u201c8M: Vamos Por m\u00e1s Mujeres en Miner\u00eda\u201d que contempl\u00f3 seminarios, charlas, firmas de convenios y la certificaci\u00f3n del Programa de Vinculaci\u00f3n Laboral Mentoring, que se desarrollaron en Santiago, Iquique, Antofagasta y Mar\u00eda Elena.<\/strong><\/p>\n<p><img class=\"imagen-noticia\" src=\"data:image\/gif;base64,R0lGODlhAQABAIAAAAAAAP\/\/\/yH5BAEAAAAALAAAAAABAAEAAAIBRAA7\" data-src=\"https:\/\/www.portalminero.com\/wp\/wp-content\/uploads\/subidos\/notasprensa\/15061_6422f3a32160b.jpg\" alt=\"SQM conmemor\u00f3 Mes de la Mujer con nutrida programaci\u00f3n para promover la equidad de g\u00e9nero en la industria\" \/><noscript><img class=\"imagen-noticia\" src=\"https:\/\/www.portalminero.com\/wp\/wp-content\/uploads\/subidos\/notasprensa\/15061_6422f3a32160b.jpg\" alt=\"SQM conmemor\u00f3 Mes de la Mujer con nutrida programaci\u00f3n para promover la equidad de g\u00e9nero en la industria\" \/><\/noscript><\/p>\n<div class=\"texto_prensa\" align=\"justify\"><strong>martes 28 de marzo del 2023.-<\/strong>\u00a0El punto de partida fue en Santiago el mismo 8M, en una ceremonia donde la compa\u00f1\u00eda conmemor\u00f3 la importante fecha junto a sus trabajadores y trabajadoras en una jornada, destacando las actividades en inclusi\u00f3n que permitieron a la organizaci\u00f3n alcanzar sus metas en materia de equidad exponiendo sus metas para los pr\u00f3ximos a\u00f1os, en especial el 25% para el 2025.<\/p>\n<p>La jornada inicial, tambi\u00e9n contempl\u00f3 los reconocimientos a las \u00e1reas con mejores indicadores e iniciativas. A esto se sum\u00f3 el reconocimiento a cinco alumnas de Pontificia Universidad Cat\u00f3lica, que egresaron del exitoso programa de Vinculaci\u00f3n Laboral Mentoring, impulsado junto a REDEG. Adem\u00e1s, se anunci\u00f3 un importante hito para la compa\u00f1\u00eda: la obtenci\u00f3n en Santiago de la Certificaci\u00f3n de la Norma Chilena 3262, Gesti\u00f3n de Igualdad de G\u00e9nero y Conciliaci\u00f3n de Vida Laboral, Familiar y Personal.<\/p>\n<p>Al respecto Gonzalo Guerrero, presidente del Directorio de SQM, se\u00f1al\u00f3: \u201cHemos logrado alcanzar un 20? participaci\u00f3n femenina, a nivel general, y un 30% a nivel profesional, pero tenemos que hacer m\u00e1s, ya que al 2025 queremos alcanzar un 25% y un 35? las profesionales y ojal\u00e1 vayamos escalando y superando estas metas. Esto porque una empresa como SQM que contribuye al desarrollo humano y un robusto Plan de Sostenibilidad, debe contar con una equidad de g\u00e9nero relevante como compa\u00f1\u00eda\u201d.<\/p>\n<p>La compa\u00f1\u00eda tambi\u00e9n organiz\u00f3 junto a la Seremi de Miner\u00eda Regi\u00f3n de Antofagasta y el patrocinio de la Universidad Cat\u00f3lica del Norte y el Ministerio de Miner\u00eda, el Seminario \u201cMujeres en STEM: Avances y desaf\u00edos de la participaci\u00f3n femenina en Ciencia, Tecnolog\u00eda, Ingenier\u00eda e Innovaci\u00f3n\u201d.<\/p>\n<p>Un encuentro que en Antofagasta contempl\u00f3 la charla magistral de Nadac Reales, fundadora Rudanac Biotec y destacada biotecn\u00f3loga, m\u00e1s un panel conversatorio para dialogar sobre el fomento de la inclusi\u00f3n en el \u00e1mbito de formaci\u00f3n y desarrollo en la ciencia. Iniciativa que tambi\u00e9n se replic\u00f3 en Mar\u00eda Elena, en una jornada dirigida a estudiantes de ense\u00f1anza media del Liceo T\u00e9cnico Profesional &#8211; Cient\u00edfico Humanista de la comuna.<\/p>\n<p>Nadac Reales del Canto, quien expuso en las jornadas realizadas en Antofagasta y Mar\u00eda Elena, y quien adem\u00e1s fue reconocida por la revista Forbes como una de las \u201cMujeres M\u00e1s Poderosas de Chile\u201d, destac\u00f3: \u201ceste encuentro ha sido muy importante, porque m\u00e1s que presentar la tecnolog\u00eda que desarrollo, pude compartir mi experiencia de formar una carrera en la ciencia, para que ellas puedan comprender que esto es algo posible y motivarlas a empoderarse para perseguir las metas que tienen en relaci\u00f3n a las carreras STEM\u201d.<\/p>\n<p>Al respecto, Macarena Barramu\u00f1o, seremi de Miner\u00eda, quien adem\u00e1s particip\u00f3 como panelista del encuentro, coment\u00f3: \u201cnuestra motivaci\u00f3n es poder llegar a las ni\u00f1as y adolescentes de la regi\u00f3n para ir sum\u00e1ndolas a que puedan ser parte del sector minero, reconociendo su capacidad para ingresar, desarrollarse en la industria y que pueden estudiar carreras STEM\u201d.<\/p>\n<p>La jornada tambi\u00e9n cont\u00f3 con la certificaci\u00f3n 10 alumnas de \u00faltimo a\u00f1o de Ingenier\u00eda Civil Industrial de la Universidad Cat\u00f3lica del Norte, quienes participantes del Programa de Vinculaci\u00f3n Laboral Mentoring. Liliam Denahm, Directora Ejecutiva de Redeg, entidad que impuls\u00f3 esta iniciativa junto a SQM, coment\u00f3 que \u201cestamos muy agradecidos a la oportunidad entregada desde SQM para fomentar que m\u00e1s mujeres se incorporen a la industria y que sean guiadas por ejecutivas de l\u00ednea y, adem\u00e1s, garantizar su pr\u00e1ctica profesional que es tan importante para culminar este ciclo de formaci\u00f3n acad\u00e9mica\u201d.<\/p><\/div>\n<hr \/>\n","protected":false},"excerpt":{"rendered":"<p>Con una serie de actividades, la compa\u00f1\u00eda conmemor\u00f3 el Mes de la Mujer con el programa \u201c8M: Vamos Por m\u00e1s Mujeres en Miner\u00eda\u201d que contempl\u00f3 seminarios, charlas, firmas de convenios y la certificaci\u00f3n del Programa de Vinculaci\u00f3n Laboral Mentoring, que se desarrollaron en Santiago, Iquique, Antofagasta y Mar\u00eda Elena.<\/p>\n","protected":false},"author":26,"featured_media":145062,"comment_status":"open","ping_status":"open","sticky":false,"template":"","format":"standard","meta":[],"categories":[60],"tags":[],"_links":{"self":[{"href":"https:\/\/www.portalminero.com\/wp\/wp-json\/wp\/v2\/posts\/145061"}],"collection":[{"href":"https:\/\/www.portalminero.com\/wp\/wp-json\/wp\/v2\/posts"}],"about":[{"href":"https:\/\/www.portalminero.com\/wp\/wp-json\/wp\/v2\/types\/post"}],"author":[{"embeddable":true,"href":"https:\/\/www.portalminero.com\/wp\/wp-json\/wp\/v2\/users\/26"}],"replies":[{"embeddable":true,"href":"https:\/\/www.portalminero.com\/wp\/wp-json\/wp\/v2\/comments?post=145061"}],"version-history":[{"count":1,"href":"https:\/\/www.portalminero.com\/wp\/wp-json\/wp\/v2\/posts\/145061\/revisions"}],"predecessor-version":[{"id":145063,"href":"https:\/\/www.portalminero.com\/wp\/wp-json\/wp\/v2\/posts\/145061\/revisions\/145063"}],"wp:featuredmedia":[{"embeddable":true,"href":"https:\/\/www.portalminero.com\/wp\/wp-json\/wp\/v2\/media\/145062"}],"wp:attachment":[{"href":"https:\/\/www.portalminero.com\/wp\/wp-json\/wp\/v2\/media?parent=145061"}],"wp:term":[{"taxonomy":"category","embeddable":true,"href":"https:\/\/www.portalminero.com\/wp\/wp-json\/wp\/v2\/categories?post=145061"},{"taxonomy":"post_tag","embeddable":true,"href":"https:\/\/www.portalminero.com\/wp\/wp-json\/wp\/v2\/tags?post=145061"}],"curies":[{"name":"wp","href":"https:\/\/api.w.org\/{rel}","templated":true}]}}