{"id":145315,"date":"2023-04-03T00:00:00","date_gmt":"2023-04-03T00:00:00","guid":{"rendered":"https:\/\/www.portalminero.com\/wp\/innergex-energia-renovable-y-prodemu-de-atacama-firman-convenio-en-el-marco-del-programa-mujeres-rurales\/"},"modified":"2023-04-03T13:18:14","modified_gmt":"2023-04-03T13:18:14","slug":"innergex-energia-renovable-y-prodemu-de-atacama-firman-convenio-en-el-marco-del-programa-mujeres-rurales","status":"publish","type":"post","link":"https:\/\/www.portalminero.com\/wp\/innergex-energia-renovable-y-prodemu-de-atacama-firman-convenio-en-el-marco-del-programa-mujeres-rurales\/","title":{"rendered":"Innergex Energ\u00eda Renovable y Prodemu de Atacama firman convenio en el marco del Programa Mujeres Rurales"},"content":{"rendered":"<h6><b>Chile<\/b><\/h6>\n<p><strong>La alianza permitir\u00e1 el financiamiento por parte de la empresa de generaci\u00f3n de energ\u00eda renovable, de una serie de talleres denominado \u201cJuntas Crecemos\u201d, y la entrega a 20 beneficiaras de un capital equivalente en especies para ir en apoyo a sus emprendimientos.<\/strong><\/p>\n<p><img class=\"imagen-noticia\" src=\"data:image\/gif;base64,R0lGODlhAQABAIAAAAAAAP\/\/\/yH5BAEAAAAALAAAAAABAAEAAAIBRAA7\" data-src=\"https:\/\/www.portalminero.com\/wp\/wp-content\/uploads\/subidos\/notasprensa\/15069_642acd57cd45f.jpg\" alt=\"Innergex Energ\u00eda Renovable y Prodemu de Atacama firman convenio en el marco del Programa Mujeres Rurales\" \/><noscript><img class=\"imagen-noticia\" src=\"https:\/\/www.portalminero.com\/wp\/wp-content\/uploads\/subidos\/notasprensa\/15069_642acd57cd45f.jpg\" alt=\"Innergex Energ\u00eda Renovable y Prodemu de Atacama firman convenio en el marco del Programa Mujeres Rurales\" \/><\/noscript><\/p>\n<div class=\"texto_prensa\" align=\"justify\"><strong>lunes 03 de abril del 2023.-<\/strong>\u00a0La Fundaci\u00f3n para la Promoci\u00f3n y Desarrollo de la Mujer (Prodemu) de la Regi\u00f3n de Atacama e Innergex Energ\u00eda Renovable, y su operaci\u00f3n Parque E\u00f3lico Sarco, firmaron un convenio que busca mejorar las condiciones de empleabilidad y laborales de las mujeres en situaci\u00f3n de vulnerabilidad social de la provincia del Huasco, comuna de Freirina.<\/p>\n<p>La alianza permitir\u00e1 el financiamiento por parte de la empresa de generaci\u00f3n de energ\u00eda renovable, de una serie de talleres denominado \u201cJuntas Crecemos\u201d, y la entrega a 20 beneficiaras de un capital equivalente en especies para ir en apoyo a sus emprendimientos.<\/p>\n<p>El Taller Juntas Crecemos, pretende mediante un proceso de desarrollo personal y colectivo, reconocer las motivaciones y habilidades para el emprendimiento. Adem\u00e1s, posibilitar la adquisici\u00f3n de herramientas para la comercializaci\u00f3n, que ayuden en el desarrollo de un emprendimiento con impacto en el \u00e1mbito personal y\/o familiar de las participantes.<\/p>\n<p>Tras la firma del convenio, el director regional de Prodemu Atacama, \u00d3scar Pe\u00f1a, se\u00f1al\u00f3 que \u201cnosotros como Fundaci\u00f3n estamos felices de poder materializar hoy este acuerdo de colaboraci\u00f3n conjunta con Innergex. En esta oportunidad, un grupo de mujeres pertenecientes a la comuna de Freirina, espec\u00edficamente de la caleta Carrizalillo, ser\u00e1 beneficiado con la entrega de herramientas de formaci\u00f3n a trav\u00e9s de su participaci\u00f3n en un programa de capacitaciones. Adem\u00e1s, entregaremos fondos directamente que vayan en apoyo de la comercializaci\u00f3n de sus productos que ellas elaboren. Estamos convencidos de que este tipo de alianzas entre instituciones nos permitir\u00e1n seguir avanzando en la erradicaci\u00f3n de las distintas brechas que afectan la vida de las mujeres y sus diversas autonom\u00edas\u201d.<\/p>\n<p>Por su parte, Alejandro Donoso, gerente de Sostenibilidad y Asuntos Corporativos de Innergex, manifest\u00f3 que \u201cen Innergex estamos muy contentos de materializar este nuevo convenio de trabajo con Prodemu, esta vez es en la Regi\u00f3n de Atacama. Y es que uno de nuestros ejes principales es el apoyo a las mujeres rurales a trav\u00e9s de talleres y capacitaciones, el mismo trabajo que estamos realizando actualmente en la Regi\u00f3n del Biob\u00edo. Esto va en l\u00ednea con nuestra pol\u00edtica de trabajo con las comunidades, especialmente apoyando a las mujeres, la inclusividad y la diversidad, todo esto parte fundamental de nuestras pol\u00edticas centrales en Innergex\u201d.<\/p><\/div>\n<hr \/>\n","protected":false},"excerpt":{"rendered":"<p>La alianza permitir\u00e1 el financiamiento por parte de la empresa de generaci\u00f3n de energ\u00eda renovable, de una serie de talleres denominado \u201cJuntas Crecemos\u201d, y la entrega a 20 beneficiaras de un capital equivalente en especies para ir en apoyo a sus emprendimientos.<\/p>\n","protected":false},"author":26,"featured_media":145316,"comment_status":"open","ping_status":"open","sticky":false,"template":"","format":"standard","meta":[],"categories":[60],"tags":[],"_links":{"self":[{"href":"https:\/\/www.portalminero.com\/wp\/wp-json\/wp\/v2\/posts\/145315"}],"collection":[{"href":"https:\/\/www.portalminero.com\/wp\/wp-json\/wp\/v2\/posts"}],"about":[{"href":"https:\/\/www.portalminero.com\/wp\/wp-json\/wp\/v2\/types\/post"}],"author":[{"embeddable":true,"href":"https:\/\/www.portalminero.com\/wp\/wp-json\/wp\/v2\/users\/26"}],"replies":[{"embeddable":true,"href":"https:\/\/www.portalminero.com\/wp\/wp-json\/wp\/v2\/comments?post=145315"}],"version-history":[{"count":1,"href":"https:\/\/www.portalminero.com\/wp\/wp-json\/wp\/v2\/posts\/145315\/revisions"}],"predecessor-version":[{"id":145317,"href":"https:\/\/www.portalminero.com\/wp\/wp-json\/wp\/v2\/posts\/145315\/revisions\/145317"}],"wp:featuredmedia":[{"embeddable":true,"href":"https:\/\/www.portalminero.com\/wp\/wp-json\/wp\/v2\/media\/145316"}],"wp:attachment":[{"href":"https:\/\/www.portalminero.com\/wp\/wp-json\/wp\/v2\/media?parent=145315"}],"wp:term":[{"taxonomy":"category","embeddable":true,"href":"https:\/\/www.portalminero.com\/wp\/wp-json\/wp\/v2\/categories?post=145315"},{"taxonomy":"post_tag","embeddable":true,"href":"https:\/\/www.portalminero.com\/wp\/wp-json\/wp\/v2\/tags?post=145315"}],"curies":[{"name":"wp","href":"https:\/\/api.w.org\/{rel}","templated":true}]}}