{"id":153232,"date":"2023-09-04T00:00:30","date_gmt":"2023-09-04T00:00:30","guid":{"rendered":"https:\/\/www.portalminero.com\/wp\/enexpro-soluciones-para-la-mineria-de-prochile-proyecta-negocios-por-mas-de-us-110-millones\/"},"modified":"2023-09-05T12:42:49","modified_gmt":"2023-09-05T12:42:49","slug":"enexpro-soluciones-para-la-mineria-de-prochile-proyecta-negocios-por-mas-de-us-110-millones","status":"publish","type":"post","link":"https:\/\/www.portalminero.com\/wp\/enexpro-soluciones-para-la-mineria-de-prochile-proyecta-negocios-por-mas-de-us-110-millones\/","title":{"rendered":"Enexpro Soluciones para la Miner\u00eda de ProChile proyecta negocios por m\u00e1s de US$ 110 millones"},"content":{"rendered":"<h6><em>Chile<\/em><\/h6>\n<p><b>El evento contempl\u00f3 la presencia de 24 compradores internacionales, provenientes de Per\u00fa, M\u00e9xico, Brasil, Ecuador, Bolivia, Panam\u00e1, Guatemala, entre otros, los que sostuvieron encuentros y reuniones comerciales con m\u00e1s de 180 empresas de todo el pa\u00eds.<\/b><\/p>\n<p><img class=\"imagen-noticia\" src=\"data:image\/gif;base64,R0lGODlhAQABAIAAAAAAAP\/\/\/yH5BAEAAAAALAAAAAABAAEAAAIBRAA7\" data-src=\"http:\/\/pm.portalminero.com\/images\/noticias\/64f5e4310ae67.jpg\" alt=\"Enexpro Soluciones para la Miner\u00eda de ProChile proyecta negocios por m\u00e1s de US$ 110 millones\" \/><noscript><img class=\"imagen-noticia\" src=\"http:\/\/pm.portalminero.com\/images\/noticias\/64f5e4310ae67.jpg\" alt=\"Enexpro Soluciones para la Miner\u00eda de ProChile proyecta negocios por m\u00e1s de US$ 110 millones\" \/><\/noscript><\/p>\n<div class=\"texto_prensa\" align=\"justify\">\n<p><strong>lunes 04 de septiembre del 2023.-<\/strong>\u00a0Un exitoso balance tuvo la s\u00e9ptima versi\u00f3n de Enexpro Soluciones Mineras 2023, el encuentro exportador que organiz\u00f3 ProChile en colaboraci\u00f3n con la Asociaci\u00f3n de Empresas de Valpara\u00edso, Asiva, y que busca promover e impulsar la internacionalizaci\u00f3n de las empresas nacionales que proveen bienes y servicios a la miner\u00eda.<\/p>\n<p>El resumen de las dos jornadas de Enexpro y en las que se llevaron a cabo las ruedas de negocios organizadas para los presentes, contabiliz\u00f3 m\u00e1s de 500 reuniones las que proyectan negocios por US$ 112.662.500 millones en un plazo de doce meses. Las cifras se obtienen a partir de la informaci\u00f3n entregada por los mismos importadores al final de cada reuni\u00f3n.<\/p>\n<p>El evento contempl\u00f3 la presencia de 24 compradores internacionales, provenientes de Per\u00fa, M\u00e9xico, Brasil, Ecuador, Bolivia, Panam\u00e1, Guatemala, entre otros, los que sostuvieron encuentros y reuniones comerciales con m\u00e1s de 180 empresas de todo el pa\u00eds; en esta versi\u00f3n de Enexpro Soluciones para la Miner\u00eda y que por primera vez se realiz\u00f3 en la Regi\u00f3n de Valpara\u00edso.<\/p>\n<p>Para el director general de ProChile, Ignacio Fern\u00e1ndez, el trabajo realizado para la generaci\u00f3n de nuevas relaciones comerciales es destacado en esta versi\u00f3n de Enexpro, pues sobrepas\u00f3 positivamente, todos los c\u00e1lculos proyectados, incluso antes de su realizaci\u00f3n.<\/p>\n<p>\u201cEstamos muy contentos de que m\u00e1s de 180 empresas se hayan interesado por estar presentes en Enexpro Soluciones para la Miner\u00eda 2023, de hecho tuvimos que ampliar la convocatoria para que se inscribieran m\u00e1s empresas. Estamos muy contentos tambi\u00e9n, por la cantidad de importadores que llegaron desde Latinoam\u00e9rica y por la proyecci\u00f3n de negocios que esperamos se concreten prontamente\u201d.<\/p>\n<p>El director general destaca, adem\u00e1s, el valor del trabajo colaborativo para lograr un encuentro empresarial de primer nivel: \u201cnosotros somos una entidad articuladora de la oferta con la demanda internacional y tambi\u00e9n a nivel regional, con todo lo que tiene que ver con el fomento productivo del sector p\u00fablico-privado, eso es lo que nos define y esa es nuestra esencia. Y en el caso de los servicios mineros, es muy relevante porque hoy d\u00eda estamos trabajando con el apoyo del Gobierno Regional y el apoyo del sector privado con Asiva\u201d, afirm\u00f3 Fern\u00e1ndez.<\/p>\n<p>Para Alejandra San Miguel, gerenta general de Asiva: \u201cEs especialmente gratificante ver c\u00f3mo el Cl\u00faster Proveedores de la Miner\u00eda desempe\u00f1\u00f3 un papel fundamental en esta actividad. Su colaboraci\u00f3n ha sido esencial para que este evento eche ra\u00edces en nuestra regi\u00f3n. Estamos orgullosos de este logro y tenemos grandes expectativas sobre lo que podemos lograr a futuro gracias a este encuentro que adem\u00e1s apuesta por descentralizar nuestro pa\u00eds. Agradecemos sinceramente a Prochile por su apoyo y confianza en nuestra regi\u00f3n.<\/p>\n<p>Tras la realizaci\u00f3n de este evento empresarial que impulsa el desarrollo de las empresas y servicios que proveen al sector minero, se contin\u00faa posicionando a Chile como un proveedor confiable y de calidad mundial en el sector de proveedores de la miner\u00eda.<\/p>\n<\/div>\n<hr \/>\n","protected":false},"excerpt":{"rendered":"<p><span class='published'>Chile | 2023-09-04<\/span><\/p>\n<p>El evento contempl\u00f3 la presencia de 24 compradores internacionales, provenientes de Per\u00fa, M\u00e9xico, Brasil, Ecuador, Bolivia, Panam\u00e1, Guatemala, entre otros, los que sostuvieron encuentros y reuniones comerciales con m\u00e1s de 180 empresas de todo el pa\u00eds.<\/p>\n","protected":false},"author":26,"featured_media":153233,"comment_status":"open","ping_status":"open","sticky":false,"template":"","format":"standard","meta":[],"categories":[12],"tags":[],"_links":{"self":[{"href":"https:\/\/www.portalminero.com\/wp\/wp-json\/wp\/v2\/posts\/153232"}],"collection":[{"href":"https:\/\/www.portalminero.com\/wp\/wp-json\/wp\/v2\/posts"}],"about":[{"href":"https:\/\/www.portalminero.com\/wp\/wp-json\/wp\/v2\/types\/post"}],"author":[{"embeddable":true,"href":"https:\/\/www.portalminero.com\/wp\/wp-json\/wp\/v2\/users\/26"}],"replies":[{"embeddable":true,"href":"https:\/\/www.portalminero.com\/wp\/wp-json\/wp\/v2\/comments?post=153232"}],"version-history":[{"count":2,"href":"https:\/\/www.portalminero.com\/wp\/wp-json\/wp\/v2\/posts\/153232\/revisions"}],"predecessor-version":[{"id":153284,"href":"https:\/\/www.portalminero.com\/wp\/wp-json\/wp\/v2\/posts\/153232\/revisions\/153284"}],"wp:featuredmedia":[{"embeddable":true,"href":"https:\/\/www.portalminero.com\/wp\/wp-json\/wp\/v2\/media\/153233"}],"wp:attachment":[{"href":"https:\/\/www.portalminero.com\/wp\/wp-json\/wp\/v2\/media?parent=153232"}],"wp:term":[{"taxonomy":"category","embeddable":true,"href":"https:\/\/www.portalminero.com\/wp\/wp-json\/wp\/v2\/categories?post=153232"},{"taxonomy":"post_tag","embeddable":true,"href":"https:\/\/www.portalminero.com\/wp\/wp-json\/wp\/v2\/tags?post=153232"}],"curies":[{"name":"wp","href":"https:\/\/api.w.org\/{rel}","templated":true}]}}