{"id":154394,"date":"2023-09-26T00:00:00","date_gmt":"2023-09-26T00:00:00","guid":{"rendered":"https:\/\/www.portalminero.com\/wp\/albemarle-y-estacion-fotografo-de-cerros-se-unen-para-promover-el-acceso-a-la-cultura-en-la-region-de-antofagasta\/"},"modified":"2023-09-26T14:34:06","modified_gmt":"2023-09-26T14:34:06","slug":"albemarle-y-estacion-fotografo-de-cerros-se-unen-para-promover-el-acceso-a-la-cultura-en-la-region-de-antofagasta","status":"publish","type":"post","link":"https:\/\/www.portalminero.com\/wp\/albemarle-y-estacion-fotografo-de-cerros-se-unen-para-promover-el-acceso-a-la-cultura-en-la-region-de-antofagasta\/","title":{"rendered":"Albemarle y Estaci\u00f3n Fot\u00f3grafo de Cerros se unen para promover el acceso a la cultura en la Regi\u00f3n de Antofagasta"},"content":{"rendered":"<h6><b>Chile<\/b><\/h6>\n<p><strong>Con este acuerdo, la productora de litio se compromete a contribuir de manera colaborativa a la implementaci\u00f3n de proyectos y programas impulsados por la Fundaci\u00f3n para 2023, que generen un impacto positivo y valor social en el territorio.<\/strong><\/p>\n<p><img class=\"imagen-noticia\" src=\"data:image\/gif;base64,R0lGODlhAQABAIAAAAAAAP\/\/\/yH5BAEAAAAALAAAAAABAAEAAAIBRAA7\" data-src=\"https:\/\/www.portalminero.com\/wp\/wp-content\/uploads\/subidos\/notasprensa\/15460_6512e451db64a.jpg\" alt=\"Albemarle y Estaci\u00f3n Fot\u00f3grafo de Cerros se unen para promover el acceso a la cultura en la Regi\u00f3n de Antofagasta\" \/><noscript><img class=\"imagen-noticia\" src=\"https:\/\/www.portalminero.com\/wp\/wp-content\/uploads\/subidos\/notasprensa\/15460_6512e451db64a.jpg\" alt=\"Albemarle y Estaci\u00f3n Fot\u00f3grafo de Cerros se unen para promover el acceso a la cultura en la Regi\u00f3n de Antofagasta\" \/><\/noscript><\/p>\n<div class=\"texto_prensa\" align=\"justify\">\n<p><strong>martes 26 de septiembre del 2023.-<\/strong>\u00a0Con la presencia del escritor Hern\u00e1n Rivera Letelier, premio nacional de literatura 2022, y con el objetivo de seguir impulsando pr\u00e1cticas que promuevan el bienestar del territorio donde est\u00e1 presente, Albemarle firm\u00f3 un convenio de colaboraci\u00f3n con la Fundaci\u00f3n Cultural Estaci\u00f3n Fot\u00f3grafo de Cerros.<\/p>\n<p>Se trata de una alianza que busca promover el acceso a diversas expresiones culturales en un espacio abierto y colaborativo. El convenio establece el compromiso de la productora de litio\u00a0 a contribuir en la operaci\u00f3n y funcionamiento de Estaci\u00f3n Fot\u00f3grafo con el objetivo de promover en el territorio el desarrollo de actividades planificadas por la Fundaci\u00f3n para el a\u00f1o 2023, involucrando a los colaboradores y colaboradoras de Albemarle a trav\u00e9s de un di\u00e1logo permanente y un trabajo conjunto.<\/p>\n<p>\u201cEstamos felices de poder concretar esta alianza con Estaci\u00f3n Fot\u00f3grafo de Cerros, un espacio ubicado en Antofagasta cuyo prop\u00f3sito es fomentar y fortalecer el desarrollo cultural y el patrimonio desde el territorio. Esta misi\u00f3n es la que nos mueve como Albemarle a contribuir a trav\u00e9s de este acuerdo al progreso de la Regi\u00f3n y de su gente, considerando que el 80% de nuestros trabajadores y trabajadoras son de la zona. Esperamos que este convenio sea un aporte para la comunidad y sus familias, y nos permita seguir promoviendo el desarrollo sostenible en el territorio del que como compa\u00f1\u00eda formamos parte\u201d, se\u00f1al\u00f3 Ignacio Mehech, vicepresidente de Asuntos Externos y Country Manager de Albemarle Chile.<\/p>\n<p>\u201cPara nosotros como centro cultural es un honor que Albemarle haya firmado este convenio de apoyo y que confiara en nuestro trabajo. Desde la Fundaci\u00f3n, hemos estado trabajando ya durante dos a\u00f1os en las comunidades, aportando desde nuestras habilidades en la fotograf\u00eda, en el teatro, de la m\u00fasica y en las distintas artes\u201d, dijo Glenn Arcos, director de la Fundaci\u00f3n Cultural Estaci\u00f3n Fot\u00f3grafo de Cerros.<\/p>\n<p>A partir del convenio se busca amplificar los impactos sociales y culturales de las actividades planificadas por Estaci\u00f3n Fot\u00f3grafo para 2023; contribuir a la operaci\u00f3n, funcionamiento de la Fundaci\u00f3n y al desarrollo de actividades culturales y art\u00edsticas durante el a\u00f1o; y aportar al desarrollo art\u00edstico cultural de la Regi\u00f3n de Antofagasta, mediante acciones en el territorio con un enfoque participativo e inclusivo.<\/p>\n<p>El Centro Cultural Estaci\u00f3n Fot\u00f3grafo de Cerros es un espacio cultural ubicado en un popular barrio de Antofagasta, cuyo objetivo es activar, promover y fortalecer el desarrollo de la cultura, las artes y el patrimonio desde el territorio, creando, elaborando y ejecutando proyectos y actividades que aporten al desarrollo cultural de la regi\u00f3n. Lo anterior a trav\u00e9s de la descentralizaci\u00f3n del arte, la cultura, el patrimonio. La misi\u00f3n de la Fundaci\u00f3n es promover y difundir el arte, la cultura y el patrimonio en sus diversas manifestaciones, fomentando la fotograf\u00eda, las artes esc\u00e9nicas, la literatura, el dise\u00f1o, las artes audiovisuales, estimulando a su vez la participaci\u00f3n de diversos actores y grupos en el territorio.<\/p>\n<\/div>\n<hr \/>\n","protected":false},"excerpt":{"rendered":"<p>Con este acuerdo, la productora de litio se compromete a contribuir de manera colaborativa a la implementaci\u00f3n de proyectos y programas impulsados por la Fundaci\u00f3n para 2023, que generen un impacto positivo y valor social en el territorio.<\/p>\n","protected":false},"author":26,"featured_media":154395,"comment_status":"open","ping_status":"open","sticky":false,"template":"","format":"standard","meta":[],"categories":[60],"tags":[],"_links":{"self":[{"href":"https:\/\/www.portalminero.com\/wp\/wp-json\/wp\/v2\/posts\/154394"}],"collection":[{"href":"https:\/\/www.portalminero.com\/wp\/wp-json\/wp\/v2\/posts"}],"about":[{"href":"https:\/\/www.portalminero.com\/wp\/wp-json\/wp\/v2\/types\/post"}],"author":[{"embeddable":true,"href":"https:\/\/www.portalminero.com\/wp\/wp-json\/wp\/v2\/users\/26"}],"replies":[{"embeddable":true,"href":"https:\/\/www.portalminero.com\/wp\/wp-json\/wp\/v2\/comments?post=154394"}],"version-history":[{"count":2,"href":"https:\/\/www.portalminero.com\/wp\/wp-json\/wp\/v2\/posts\/154394\/revisions"}],"predecessor-version":[{"id":154398,"href":"https:\/\/www.portalminero.com\/wp\/wp-json\/wp\/v2\/posts\/154394\/revisions\/154398"}],"wp:featuredmedia":[{"embeddable":true,"href":"https:\/\/www.portalminero.com\/wp\/wp-json\/wp\/v2\/media\/154395"}],"wp:attachment":[{"href":"https:\/\/www.portalminero.com\/wp\/wp-json\/wp\/v2\/media?parent=154394"}],"wp:term":[{"taxonomy":"category","embeddable":true,"href":"https:\/\/www.portalminero.com\/wp\/wp-json\/wp\/v2\/categories?post=154394"},{"taxonomy":"post_tag","embeddable":true,"href":"https:\/\/www.portalminero.com\/wp\/wp-json\/wp\/v2\/tags?post=154394"}],"curies":[{"name":"wp","href":"https:\/\/api.w.org\/{rel}","templated":true}]}}