{"id":159823,"date":"2023-12-20T00:00:30","date_gmt":"2023-12-20T00:00:30","guid":{"rendered":"https:\/\/www.portalminero.com\/wp\/andes-solar-ingresa-al-directorio-de-acera\/"},"modified":"2023-12-20T12:57:11","modified_gmt":"2023-12-20T12:57:11","slug":"andes-solar-ingresa-al-directorio-de-acera","status":"publish","type":"post","link":"https:\/\/www.portalminero.com\/wp\/andes-solar-ingresa-al-directorio-de-acera\/","title":{"rendered":"Andes Solar ingresa al directorio de Acera"},"content":{"rendered":"<h6><em>Chile<\/em><\/h6>\n<p><b>La votaci\u00f3n se llev\u00f3 a cabo en la \u00faltima sesi\u00f3n del consejo del gremio, donde Mart\u00edn Valenzuela, gerente de Negocios y \u00c1rea Internacional de Andes Solar fue electo para ocupar uno de los nueve cupos de la mesa directiva.<\/b><\/p>\n<p><img class=\"imagen-noticia\" src=\"data:image\/gif;base64,R0lGODlhAQABAIAAAAAAAP\/\/\/yH5BAEAAAAALAAAAAABAAEAAAIBRAA7\" data-src=\"http:\/\/pm.portalminero.com\/images\/noticias\/6582e259d629e.jpg\" alt=\"Andes Solar ingresa al directorio de Acera\" \/><noscript><img class=\"imagen-noticia\" src=\"http:\/\/pm.portalminero.com\/images\/noticias\/6582e259d629e.jpg\" alt=\"Andes Solar ingresa al directorio de Acera\" \/><\/noscript><\/p>\n<div class=\"texto_prensa\" align=\"justify\">\n<p><strong>mi\u00e9rcoles 20 de diciembre del 2023.-<\/strong>\u00a0Tiempos de elecciones se viven en el pa\u00eds, no solo por las recientes elecciones de la propuesta constitucional, sino que tambi\u00e9n por las vividas en una nueva sesi\u00f3n de Consejo y Directorio de la Asociaci\u00f3n Chilena de Energ\u00edas Renovables y Almacenamiento, Acera AG., que ten\u00eda por objetivo renovar los cargos de directores, presidente y secretario.<\/p>\n<p>Los votantes y encargados de elegir los cupos disponibles en el directorio, son los 16 consejeros que componen la Gobernanza de Acera. Un gran n\u00famero de ellos fueron recientemente electos durante la \u00faltima Asamblea de Socios. En esta oportunidad se deb\u00edan renovar 6 cupos (de 9) para directores y resultaron elegidos como directores Mart\u00edn Valenzuela, Andes Solar; Sergio del Campo, Sonnedix; Alfredo Solar, Atlas Renewable Energy; C\u00e9line Assemat, DNV; Felipe Pezo, Grenergy y Jaime Toledo, Acciona. Luego, tras la elecci\u00f3n del nuevo Directorio Acera, se procedi\u00f3 a elegir los cargos de presidente y secretario del gremio resultando como nuevo presidente de Acera, Sergio del Campo y como secretario, Alfredo Solar.<\/p>\n<p>Mart\u00edn Valenzuela, se mostr\u00f3 muy honrado con la elecci\u00f3n y destac\u00f3 el momento de cambios y oportunidades que estamos viviendo. \u201cEs un momento muy relevante para la transici\u00f3n energ\u00e9tica de nuestro pa\u00eds, donde se necesitan cambios estructurales y regulatorios para avanzar a la velocidad que se requiere para llegar una matriz 100% renovable. Entre ellos es fundamental fomentar la Generaci\u00f3n Distribuida, que nos abre un abanico de oportunidades que debemos aprovechar. Necesitamos iniciar la discusi\u00f3n sobre una reforma al segmento de Distribuci\u00f3n, definir el rol que tendr\u00e1 en la transici\u00f3n energ\u00e9tica y crear las condiciones y mecanismos para que se desarrolle correctamente\u201d, afirm\u00f3 Valenzuela.<\/p>\n<p><strong>El directorio<\/strong><\/p>\n<p>De esta manera, el directorio de Acera queda conformado por su presidente, Sergio del Campo de Sonnedix Chile; vicepresidente, Mat\u00edas Steinacker de EDF renewable; tesorero, Manuel Tagle de Mainstream; secretario, Alfredo Solar de Atlas Renewable Energy Chile; y Jaime Toledo de Acciona en su calidad de past president. Adem\u00e1s, de los directores Alejandro Mc Donough de la empresa Wartsila; Felipe Pezo de Grenergy; Mart\u00edn Valenzuela de Andes Solar y C\u00e9line Assemat de DNV, quienes constituyen la mesa directiva completa.<\/p>\n<\/div>\n<hr \/>\n","protected":false},"excerpt":{"rendered":"<p><span class='published'>Chile | 2023-12-20<\/span><\/p>\n<p>La votaci\u00f3n se llev\u00f3 a cabo en la \u00faltima sesi\u00f3n del consejo del gremio, donde Mart\u00edn Valenzuela, gerente de Negocios y \u00c1rea Internacional de Andes Solar fue electo para ocupar uno de los nueve cupos de la mesa directiva.<\/p>\n","protected":false},"author":26,"featured_media":159824,"comment_status":"open","ping_status":"open","sticky":false,"template":"","format":"standard","meta":[],"categories":[12],"tags":[],"_links":{"self":[{"href":"https:\/\/www.portalminero.com\/wp\/wp-json\/wp\/v2\/posts\/159823"}],"collection":[{"href":"https:\/\/www.portalminero.com\/wp\/wp-json\/wp\/v2\/posts"}],"about":[{"href":"https:\/\/www.portalminero.com\/wp\/wp-json\/wp\/v2\/types\/post"}],"author":[{"embeddable":true,"href":"https:\/\/www.portalminero.com\/wp\/wp-json\/wp\/v2\/users\/26"}],"replies":[{"embeddable":true,"href":"https:\/\/www.portalminero.com\/wp\/wp-json\/wp\/v2\/comments?post=159823"}],"version-history":[{"count":2,"href":"https:\/\/www.portalminero.com\/wp\/wp-json\/wp\/v2\/posts\/159823\/revisions"}],"predecessor-version":[{"id":159826,"href":"https:\/\/www.portalminero.com\/wp\/wp-json\/wp\/v2\/posts\/159823\/revisions\/159826"}],"wp:featuredmedia":[{"embeddable":true,"href":"https:\/\/www.portalminero.com\/wp\/wp-json\/wp\/v2\/media\/159824"}],"wp:attachment":[{"href":"https:\/\/www.portalminero.com\/wp\/wp-json\/wp\/v2\/media?parent=159823"}],"wp:term":[{"taxonomy":"category","embeddable":true,"href":"https:\/\/www.portalminero.com\/wp\/wp-json\/wp\/v2\/categories?post=159823"},{"taxonomy":"post_tag","embeddable":true,"href":"https:\/\/www.portalminero.com\/wp\/wp-json\/wp\/v2\/tags?post=159823"}],"curies":[{"name":"wp","href":"https:\/\/api.w.org\/{rel}","templated":true}]}}