{"id":160508,"date":"2024-01-02T00:00:00","date_gmt":"2024-01-02T00:00:00","guid":{"rendered":"https:\/\/www.portalminero.com\/wp\/culmino-sexta-version-del-programa-de-nivelacion-de-estudios-en-san-pedro-de-atacama\/"},"modified":"2024-01-02T15:46:09","modified_gmt":"2024-01-02T15:46:09","slug":"culmino-sexta-version-del-programa-de-nivelacion-de-estudios-en-san-pedro-de-atacama","status":"publish","type":"post","link":"https:\/\/www.portalminero.com\/wp\/culmino-sexta-version-del-programa-de-nivelacion-de-estudios-en-san-pedro-de-atacama\/","title":{"rendered":"Culmin\u00f3 sexta versi\u00f3n del programa de nivelaci\u00f3n de estudios en San Pedro de Atacama"},"content":{"rendered":"<h6><b>Chile<\/b><\/h6>\n<p><strong>17 alumnos aprobaron sus estudios de s\u00e9ptimo, octavo, tercero y cuarto medio en la comuna sampedrina que durante 6 a\u00f1os ha certificado alrededor de 300 personas en el territorio.<\/strong><\/p>\n<p><img class=\"imagen-noticia\" src=\"data:image\/gif;base64,R0lGODlhAQABAIAAAAAAAP\/\/\/yH5BAEAAAAALAAAAAABAAEAAAIBRAA7\" data-src=\"https:\/\/www.portalminero.com\/wp\/wp-content\/uploads\/subidos\/notasprensa\/15780_65942cf04328b.jpg\" alt=\"Culmin\u00f3 sexta versi\u00f3n del programa de nivelaci\u00f3n de estudios en San Pedro de Atacama\" \/><noscript><img class=\"imagen-noticia\" src=\"https:\/\/www.portalminero.com\/wp\/wp-content\/uploads\/subidos\/notasprensa\/15780_65942cf04328b.jpg\" alt=\"Culmin\u00f3 sexta versi\u00f3n del programa de nivelaci\u00f3n de estudios en San Pedro de Atacama\" \/><\/noscript><\/p>\n<div class=\"texto_prensa\" align=\"justify\">\n<p><strong>martes 02 de enero del 2024.-<\/strong>\u00a0Las dependencias del Centro de Eventos Coyo Antai de San Pedro de Atacama se convirtieron en el epicentro de la ceremonia de egreso de quienes culminaron y aprobaron la sexta versi\u00f3n del Programa de Nivelaci\u00f3n de Estudios para Adultos 2023. Iniciativa apoyada por SQM a trav\u00e9s de Fundaci\u00f3n La Semilla e impulsada por la Municipalidad por medio de la Oficina de Intermediaci\u00f3n Laboral (OMIL).<\/p>\n<p>Elizabeth Tejerina, estudiante destacada en la ceremonia por su compromiso y responsabilidad en el proceso, explic\u00f3 la importancia de este programa para ella. \u201cYo le doy las gracias a todas las personas que nos han apoyado para poder sacar los estudios. Hoy tener el cuarto medio es muy importante para poder trabajar\u201d.<\/p>\n<p>Visi\u00f3n similar tuvo Patricia Rojas quien obtuvo tambi\u00e9n su certificado de 4to medio. \u201cMe llena de orgullo este momento. Bueno yo tengo hijos grandes que me acompa\u00f1aron en este proceso emocionante para m\u00ed, porque fue de mucho esfuerzo: trabajar y estudiar es dif\u00edcil y la verdad lo necesitaba porque hoy todos te piden el 4to medio rendido\u201d<\/p>\n<p>Este programa que se desarrolla en dos ciclos, de 5to a 8vo a\u00f1o de Ense\u00f1anza B\u00e1sica y de 1ro a 4to a\u00f1o de Ense\u00f1anza Media, se ha convertido en uno de los programas m\u00e1s exitosos en la comuna, permiti\u00e9ndoles en 6 a\u00f1os, certificar alrededor de 300 personas que pudieron tener acceso a la educaci\u00f3n y a la nivelaci\u00f3n de sus estudios, ya que antes de este programa la \u00fanica posibilidad era hacerlo fuera de la comuna.<\/p>\n<p>Esta iniciativa se alinea con la pol\u00edtica de normalizaci\u00f3n de estudios, impulsada por el Ministerio de Educaci\u00f3n a nivel nacional, donde la Municipalidad de San Pedro de Atacama ha creado alianzas estrat\u00e9gicas con distintos actores para brindar la oportunidad a la comunidad sampedrina de acceder a la educaci\u00f3n y nivelar sus estudios.<\/p>\n<p>Para el alcalde de San Pedro de Atacama, Justo Zuleta este programa ha sido muy beneficioso para todo el territorio. \u201cHemos vivido una ceremonia bien emocionante la verdad. Poder entregar este certificado a personas adultas, algunos cumpliendo la etapa de ense\u00f1anza b\u00e1sica y otras la etapa de ense\u00f1anza media nos llena de alegr\u00eda como municipalidad. Agradecer a SQM que por intermedio de Fundaci\u00f3n La Semilla, permiten que un trabajo coordinado en conjunto con la Dideco, para que se pueda lograr este objetivo\u201d.<\/p>\n<p>La educaci\u00f3n, es parte de los ejes de trabajo comunitario que se desarrolla a trav\u00e9s del Programa Valor Compartido de SQM Salar, como eje central para promover la reducci\u00f3n de las desigualdades, poder acceder a mejores oportunidades laborales, y entregar las herramientas a las personas para su propio desarrollo.<\/p>\n<p>Mar\u00eda Jos\u00e9 Reyes, encargada del programa valor compartido de SQM Salar, se\u00f1al\u00f3 que \u201csabemos de la importancia que tiene para muchas personas el poder obtener su certificaci\u00f3n de ense\u00f1anza media y b\u00e1sica, que por alguna u otra raz\u00f3n, tuvieron que dejar en pausa, en San Pedro de Atacama. Como empresa hemos querido acercar este programa de nivelaci\u00f3n a las diferentes comunidades, y dada la importancia que vemos en cuanto a regularizar la escolarizaci\u00f3n de adultos en el territorio, es que para el 2024, este programa se impartir\u00e1 por dos semestres, as\u00ed quien lo necesite, podr\u00eda obtener hasta 4 a\u00f1os en 1\u201d.<\/p>\n<p><strong>Proceso 2024<\/strong><\/p>\n<p>Hasta el 15 de enero se realizar\u00e1 el primer llamado de inscripci\u00f3n al programa de nivelaci\u00f3n de estudios 2024 y podr\u00e1s inscribirte en las oficinas de la OMIL, ubicadas en Calle Tocopilla #387, San Pedro de Atacama.<\/p>\n<p>Los requisitos son tener los 18 a\u00f1os cumplidos y debes llevar la fotocopia de tu c\u00e9dula de identidad y contar con un certificado de tu \u00faltimo a\u00f1o cursado.<\/p>\n<p>En esta sexta versi\u00f3n, 17 personas de distintas localidades de la comuna obtuvieron su certificaci\u00f3n. Lo que representa un enorme beneficio no solo para ellos, sino tambi\u00e9n para su n\u00facleo familiar, entreg\u00e1ndoles herramientas y mejores oportunidades para el acceso al mundo laboral.<\/p>\n<\/div>\n<hr \/>\n","protected":false},"excerpt":{"rendered":"<p>17 alumnos aprobaron sus estudios de s\u00e9ptimo, octavo, tercero y cuarto medio en la comuna sampedrina que durante 6 a\u00f1os ha certificado alrededor de 300 personas en el territorio.<\/p>\n","protected":false},"author":26,"featured_media":160509,"comment_status":"open","ping_status":"open","sticky":false,"template":"","format":"standard","meta":[],"categories":[60],"tags":[],"_links":{"self":[{"href":"https:\/\/www.portalminero.com\/wp\/wp-json\/wp\/v2\/posts\/160508"}],"collection":[{"href":"https:\/\/www.portalminero.com\/wp\/wp-json\/wp\/v2\/posts"}],"about":[{"href":"https:\/\/www.portalminero.com\/wp\/wp-json\/wp\/v2\/types\/post"}],"author":[{"embeddable":true,"href":"https:\/\/www.portalminero.com\/wp\/wp-json\/wp\/v2\/users\/26"}],"replies":[{"embeddable":true,"href":"https:\/\/www.portalminero.com\/wp\/wp-json\/wp\/v2\/comments?post=160508"}],"version-history":[{"count":2,"href":"https:\/\/www.portalminero.com\/wp\/wp-json\/wp\/v2\/posts\/160508\/revisions"}],"predecessor-version":[{"id":160513,"href":"https:\/\/www.portalminero.com\/wp\/wp-json\/wp\/v2\/posts\/160508\/revisions\/160513"}],"wp:featuredmedia":[{"embeddable":true,"href":"https:\/\/www.portalminero.com\/wp\/wp-json\/wp\/v2\/media\/160509"}],"wp:attachment":[{"href":"https:\/\/www.portalminero.com\/wp\/wp-json\/wp\/v2\/media?parent=160508"}],"wp:term":[{"taxonomy":"category","embeddable":true,"href":"https:\/\/www.portalminero.com\/wp\/wp-json\/wp\/v2\/categories?post=160508"},{"taxonomy":"post_tag","embeddable":true,"href":"https:\/\/www.portalminero.com\/wp\/wp-json\/wp\/v2\/tags?post=160508"}],"curies":[{"name":"wp","href":"https:\/\/api.w.org\/{rel}","templated":true}]}}