{"id":162765,"date":"2024-02-05T00:00:00","date_gmt":"2024-02-05T00:00:00","guid":{"rendered":"https:\/\/www.portalminero.com\/wp\/operadora-mina-en-ministro-hales-en-la-zona-hay-gente-interesada-en-dar-lo-mejor-de-si\/"},"modified":"2024-02-05T16:28:21","modified_gmt":"2024-02-05T16:28:21","slug":"operadora-mina-en-ministro-hales-en-la-zona-hay-gente-interesada-en-dar-lo-mejor-de-si","status":"publish","type":"post","link":"https:\/\/www.portalminero.com\/wp\/operadora-mina-en-ministro-hales-en-la-zona-hay-gente-interesada-en-dar-lo-mejor-de-si\/","title":{"rendered":"Operadora mina en Ministro Hales: \u201cEn la zona hay gente interesada en dar lo mejor de s\u00ed\u201d"},"content":{"rendered":"<h6><b>Chile<\/b><\/h6>\n<p><strong>Madre de dos hijos, nacida en Calama y perteneciente a la etnia Atacame\u00f1a, Sandra cuenta c\u00f3mo en menos de dos a\u00f1os se convirti\u00f3 en operadora de cami\u00f3n de extracci\u00f3n en la Divisi\u00f3n Ministro Hales de Codelco.<\/strong><\/p>\n<p><img class=\"imagen-noticia\" src=\"data:image\/gif;base64,R0lGODlhAQABAIAAAAAAAP\/\/\/yH5BAEAAAAALAAAAAABAAEAAAIBRAA7\" data-src=\"https:\/\/www.portalminero.com\/wp\/wp-content\/uploads\/subidos\/notasprensa\/15908_65c10b045127d.jpg\" alt=\"Operadora mina en Ministro Hales: \u201cEn la zona hay gente interesada en dar lo mejor de s\u00ed\u201d\" \/><noscript><img class=\"imagen-noticia\" src=\"https:\/\/www.portalminero.com\/wp\/wp-content\/uploads\/subidos\/notasprensa\/15908_65c10b045127d.jpg\" alt=\"Operadora mina en Ministro Hales: \u201cEn la zona hay gente interesada en dar lo mejor de s\u00ed\u201d\" \/><\/noscript><\/p>\n<div class=\"texto_prensa\" align=\"justify\"><strong>lunes 05 de febrero del 2024.-<\/strong>\u00a0Mientras camina por las calles de su barrio, en el sector Tucnar Huasi de Calama, Sandra Morales Varas reflexiona sobre c\u00f3mo en este \u00faltimo a\u00f1o su vida dio un cambio radical. Esta mujer de 45 a\u00f1os, atacame\u00f1a y oriunda de la ciudad de Calama, nunca imagin\u00f3 que mientras desempe\u00f1aba la importante labor de ser due\u00f1a de casa y dedicarse a la crianza de sus hijos, se le abrir\u00eda la oportunidad de convertirse, en poco tiempo, en operadora de cami\u00f3n de extracci\u00f3n en la Divisi\u00f3n Ministro Hales de Codelco.<\/p>\n<p>Sandra, comenta que en el a\u00f1o 2020 estudi\u00f3 t\u00e9cnico en energ\u00edas renovables, pero que a fines de 2022 fue cuando encontr\u00f3 una oportunidad en Codelco que le cambiar\u00eda su vida. \u201cEstaba de due\u00f1a de casa, estaba estudiando e interesada en encontrar trabajo. Siempre he querido aprender cosas nuevas y capacitarme en diferentes \u00e1reas. Se dio la oportunidad por un llamado, as\u00ed que me inscrib\u00ed, postul\u00e9 y qued\u00e9 seleccionada\u201d, se\u00f1al\u00f3.<\/p>\n<p>Fue as\u00ed como el a\u00f1o 2023 Sandra ingres\u00f3 al programa Aprendices de Ministro Hales, una iniciativa que la Divisi\u00f3n promueves desde el a\u00f1o 2012 y que ha beneficiado directamente a m\u00e1s 265 personas. \u201cMi experiencia como aprendiz fue muy gratificante, aprend\u00ed mucho, al principio me cost\u00f3, pero la divisi\u00f3n me entreg\u00f3 todas las herramientas\u201d, agreg\u00f3.<\/p>\n<p>Sin embargo, a fines de ese mismo a\u00f1o Sandra recibi\u00f3 una importante noticia. Semanas antes de culminar su paso por el Programa Aprendices, fue informada que hab\u00eda sido seleccionada para formar parte del equipo permanente de la Divisi\u00f3n Ministro Hales, siendo contratada como operadora de ingreso del \u00e1rea mina.<\/p>\n<p>\u201cFue muy emocionante. Al principio me qued\u00e9 sin palabras porque nos dijeron ah\u00ed en el turno\u2026 nuestro jefe nos inform\u00f3 que pas\u00e1bamos a esta nueva etapa que era quedar contratada como operadoras y fue muy emocionante porque siempre he querido lograr objetivos y ese momento me emocion\u00e9 porque dije lo pude lograr\u201d, coment\u00f3.<\/p>\n<p>Un gran paso en la vida de Sandra. Quien nos cuenta el orgullo que signific\u00f3 para su esposo y sus dos hijos, de 21 y 11 a\u00f1os, el haber logrado convertirse en operadora. \u201cMi familia orgullosa, mis hijos me dicen siempre mamita estamos orgullosos de usted que lo logr\u00f3. Sin el gran apoyo de ellos y de mi esposo yo creo que no lo hubiese logrado\u201d, expres\u00f3.<\/p>\n<p><strong>Compromiso con la comunidad<\/strong><\/p>\n<p>Sandra nunca imagin\u00f3 que se convertir\u00eda en mujer minera, menos a\u00fan a conducir un cami\u00f3n de extracci\u00f3n. Es por este motivo que reconoce y agradece las oportunidades que la Divisi\u00f3n Ministro Hales entrega a la zona y en especial a las comunidades.<\/p>\n<p>\u201cYo pertenezco a la etnia Atacame\u00f1a por parte de mi abuelo que es oriundo de Peine. Estoy muy orgullosa de pertenecer a esta etnia y tengo muy lindos recuerdos con \u00e9l ya que se dedicaba a trabajar la tierra. Es una gran oportunidad que tomen en cuenta a la etnia Atacame\u00f1a y a todas las etnias, que podamos desarrollarnos en otras \u00e1reas. Estoy agradecida de la oportunidad porque podemos demostrar que aqu\u00ed en la zona hay gente que est\u00e1 interesada en dar lo mejor de s\u00ed y demostrar sus capacidades\u201d, manifest\u00f3.<\/p>\n<p>Pero Sandra no s\u00f3lo destaca las oportunidades laborales y los beneficios socioecon\u00f3micos que aporta la industria a la zona. Como calame\u00f1a y perteneciente al pueblo atacame\u00f1o, Sandra tiene especial inter\u00e9s en el respeto a la tierra y a las comunidades.<\/p>\n<p>\u201cNuestro trabajo lo hacemos con mucho respeto a la tierra y tambi\u00e9n con mucho compromiso a la comunidad de Calama y a los pueblos del interior. Podemos cuidar el medio ambiente, en mi trabajo en la mina hay diferentes formas de hacerlo, como camiones que constantemente est\u00e1n regando los caminos y rampas, y nebulizadores para disminuir la poluci\u00f3n\u201d, explic\u00f3.<\/p>\n<p>A sus 45 a\u00f1os, Sandra est\u00e1 iniciando su carrera en la miner\u00eda en la Divisi\u00f3n Ministro Hales de Codelco, por eso para ella es fundamental el Proyecto Desarrollo Futuro DMH, el cual permitir\u00e1 que la operaci\u00f3n siga funcionando hasta el a\u00f1o 2054, manteniendo el dinamismo econ\u00f3mico de la zona, el aporte al desarrollo social y una empleabilidad del orden de las 3.800 personas que trabajan actualmente en Ministro Hales, entre ellas Sandra, que forma parte del 60% perteneciente a la zona.<\/p>\n<p>\u201cMinistro Hales deber\u00eda seguir operando porque da trabajo y abre las puertas a la comuna de Calama y a sus alrededores. Es un aporte para el pa\u00eds, es una escuela que nos ense\u00f1a y nos da todas las herramientas para poder nosotros desarrollarnos&#8230; es importante que siga operando porque as\u00ed muchas personas y muchas mujeres, as\u00ed como yo, van a poder aprender y van a poder alg\u00fan d\u00eda tambi\u00e9n ingresar a Ministro Hales\u201d, puntualiz\u00f3.<\/p><\/div>\n<hr \/>\n","protected":false},"excerpt":{"rendered":"<p>Madre de dos hijos, nacida en Calama y perteneciente a la etnia Atacame\u00f1a, Sandra cuenta c\u00f3mo en menos de dos a\u00f1os se convirti\u00f3 en operadora de cami\u00f3n de extracci\u00f3n en la Divisi\u00f3n Ministro Hales de Codelco.<\/p>\n","protected":false},"author":26,"featured_media":162766,"comment_status":"open","ping_status":"open","sticky":false,"template":"","format":"standard","meta":[],"categories":[60],"tags":[],"_links":{"self":[{"href":"https:\/\/www.portalminero.com\/wp\/wp-json\/wp\/v2\/posts\/162765"}],"collection":[{"href":"https:\/\/www.portalminero.com\/wp\/wp-json\/wp\/v2\/posts"}],"about":[{"href":"https:\/\/www.portalminero.com\/wp\/wp-json\/wp\/v2\/types\/post"}],"author":[{"embeddable":true,"href":"https:\/\/www.portalminero.com\/wp\/wp-json\/wp\/v2\/users\/26"}],"replies":[{"embeddable":true,"href":"https:\/\/www.portalminero.com\/wp\/wp-json\/wp\/v2\/comments?post=162765"}],"version-history":[{"count":1,"href":"https:\/\/www.portalminero.com\/wp\/wp-json\/wp\/v2\/posts\/162765\/revisions"}],"predecessor-version":[{"id":162767,"href":"https:\/\/www.portalminero.com\/wp\/wp-json\/wp\/v2\/posts\/162765\/revisions\/162767"}],"wp:featuredmedia":[{"embeddable":true,"href":"https:\/\/www.portalminero.com\/wp\/wp-json\/wp\/v2\/media\/162766"}],"wp:attachment":[{"href":"https:\/\/www.portalminero.com\/wp\/wp-json\/wp\/v2\/media?parent=162765"}],"wp:term":[{"taxonomy":"category","embeddable":true,"href":"https:\/\/www.portalminero.com\/wp\/wp-json\/wp\/v2\/categories?post=162765"},{"taxonomy":"post_tag","embeddable":true,"href":"https:\/\/www.portalminero.com\/wp\/wp-json\/wp\/v2\/tags?post=162765"}],"curies":[{"name":"wp","href":"https:\/\/api.w.org\/{rel}","templated":true}]}}