{"id":164952,"date":"2024-03-14T00:00:00","date_gmt":"2024-03-14T00:00:00","guid":{"rendered":"https:\/\/www.portalminero.com\/wp\/empresaria-antofagastina-recibira-premio-en-ceremonia-del-woman-economic-forum-peru\/"},"modified":"2024-03-14T14:57:03","modified_gmt":"2024-03-14T14:57:03","slug":"empresaria-antofagastina-recibira-premio-en-ceremonia-del-woman-economic-forum-peru","status":"publish","type":"post","link":"https:\/\/www.portalminero.com\/wp\/empresaria-antofagastina-recibira-premio-en-ceremonia-del-woman-economic-forum-peru\/","title":{"rendered":"Empresaria antofagastina recibir\u00e1 premio en ceremonia del Woman Economic Forum Per\u00fa"},"content":{"rendered":"<h6><b>Chile<\/b><\/h6>\n<p><strong>Pamela Garrido fue la primera vicepresidenta de la Asociaci\u00f3n de Industriales de Antofagasta (AIA) y actualmente es directora a cargo del Comit\u00e9 de G\u00e9nero.<\/strong><\/p>\n<p><img class=\"imagen-noticia\" src=\"data:image\/gif;base64,R0lGODlhAQABAIAAAAAAAP\/\/\/yH5BAEAAAAALAAAAAABAAEAAAIBRAA7\" data-src=\"https:\/\/www.portalminero.com\/wp\/wp-content\/uploads\/subidos\/notasprensa\/16019_65f30e71ac913.jpg\" alt=\"Empresaria antofagastina recibir\u00e1 premio en ceremonia del Woman Economic Forum Per\u00fa\" \/><noscript><img class=\"imagen-noticia\" src=\"https:\/\/www.portalminero.com\/wp\/wp-content\/uploads\/subidos\/notasprensa\/16019_65f30e71ac913.jpg\" alt=\"Empresaria antofagastina recibir\u00e1 premio en ceremonia del Woman Economic Forum Per\u00fa\" \/><\/noscript><\/p>\n<div class=\"texto_prensa\" align=\"justify\">\n<p><strong>jueves 14 de marzo del 2024.-<\/strong>\u00a0Pamela Garrido mantiene una agenda ocupada, alternando su vida familiar con responsabilidades industriales y gremiales, derivadas de 30 a\u00f1os de actividad a cargo de su empresa Emeser, con la que provee los requerimientos de una amplia cartera de compa\u00f1\u00edas de la gran miner\u00eda.<\/p>\n<p>Actualmente, se apronta a recibir el reconocimiento como una de las ganadoras del Top Woman 100 Awards de Am\u00e9rica Latina y el Caribe, en la ceremonia del Woman Economic Forum Per\u00fa, a realizarse el viernes 15 de marzo en Lima.<\/p>\n<p>Se trata del primer reconocimiento de esta naturaleza a una mujer empresaria de la Regi\u00f3n de Antofagasta, el cual est\u00e1 impulsado por la C\u00e1mara de Comercio de Mujeres Peruanas, y que celebra y destaca el liderazgo y el poder femenino en distintas \u00e1reas de la sociedad.<\/p>\n<p>Perteneciente a la Mesa Nacional de Proveedores de la Miner\u00eda, particip\u00f3 el a\u00f1o pasado como coach del primer seminario que hizo Prochile para incentivar a las mujeres a exportar sus productos. Hace poco estuvo acompa\u00f1ando a la ministra de Miner\u00eda, Aurora Williams, en la convenci\u00f3n de la Prospectors &amp; Developers Association of Canada (PDAC) 2024, la feria minera m\u00e1s importante del mundo.<\/p>\n<p><strong>Trayectoria <\/strong><\/p>\n<p>\u201cMe enter\u00e9 de que me hab\u00edan postulado por las redes, nadie me escribi\u00f3 ni avis\u00f3. As\u00ed es que cuando me llamaron y me dijeron que hab\u00eda ganado el nombramiento fue una alegr\u00eda muy grande\u201d, expres\u00f3 Pamela Garrido, quien el a\u00f1o 2020 fue reconocida por la AIA con el Premio Jos\u00e9 Santos Ossa, siendo posteriormente integrada a su directorio como primera vicepresidenta, y desde agosto de 2023 est\u00e1 a cargo del Comit\u00e9 de G\u00e9nero.<\/p>\n<p>Mantiene su inter\u00e9s en temas como el desarrollo de nuevos parques industriales, el acercamiento a gremios de empresarias a nivel nacional y el apoyo a iniciativas sobre innovaci\u00f3n y producci\u00f3n limpia. Tambi\u00e9n respald\u00f3 la transici\u00f3n del Colegio T\u00e9cnico Industrial Don Bosco para recibir matr\u00edcula femenina y aport\u00f3 de manera proactiva con el programa LIQCAU, que promueve la participaci\u00f3n femenina en carreras universitarias ligadas a ciencia, tecnolog\u00eda, ingenier\u00eda y matem\u00e1ticas (STEM), siendo reconocida en enero de 2024 como Mujer Empresaria destacada STEM en Categor\u00eda Pyme.<\/p>\n<p>\u201cEstoy muy agradecida, porque yo hago las cosas por gusto, aunque desde que empec\u00e9 he pasado de todo. Ha sido un camino complejo. Por eso, cuando supe de este logro me sent\u00ed muy feliz, porque s\u00e9 que hay muchas personas que todos los d\u00edas eligen el camino del emprendimiento y muchas mujeres que siguen trabajando para alcanzar espacios de inclusi\u00f3n. Estaba muy contenta y sent\u00ed que era muy importante compartirlo con quienes me ayudaron en mis inicios, como Minera Zald\u00edvar. Gracias a eso estoy en Centinela y Antucoya tambi\u00e9n, as\u00ed como en otras empresas e industrias\u201d, reconoci\u00f3 la l\u00edder gremial, quien record\u00f3 sus inicios la miner\u00eda despu\u00e9s de egresar de Comercio Exterior. Sin tener redes en la industria, form\u00f3 los cimientos de su compa\u00f1\u00eda con los pocos contactos que hizo durante su pr\u00e1ctica laboral en el Aeropuerto de Santiago, empujando los l\u00edmites que en esa \u00e9poca estaban impuestos para las mujeres en la industria.<\/p>\n<p><strong>Proyecci\u00f3n internacional<\/strong><br \/>\nEl gerente corporativo de Abastecimiento de Antofagasta Minerals, Antonio Vel\u00e1squez, describe como un honor contar con los servicios de Emeser. \u201cPamela Garrido es un tremendo ejemplo para emprendedores regionales, sobre todo para las mujeres que est\u00e1n en miner\u00eda, y tambi\u00e9n un ejemplo sobre c\u00f3mo Minera Zald\u00edvar y Antofagasta Minerals apoyan la instalaci\u00f3n de capacidades en la regi\u00f3n y que hoy se proyectan a Chile y al mundo. Desde hace m\u00e1s de 30 a\u00f1os, Pamela ha formado parte de los proveedores de Minera Zald\u00edvar, con soluciones innovadoras, de desarrollo local y hoy emplea a m\u00e1s 30 personas altamente especializadas que brindan un servicio de alta calidad. Esperamos que tanto Pamela, como las pimes regionales y sus trabajadores, sigan siendo parte fundamental del proyecto de desarrollo del Grupo en la Regi\u00f3n y obviamente en la extensi\u00f3n de vida \u00fatil de Minera Zaldivar\u201d.<\/p>\n<p>Vel\u00e1squez destac\u00f3 el crecimiento de la empresaria hacia el mercado internacional en Per\u00fa, recordando sus or\u00edgenes, desde el establecimiento de una peque\u00f1a oficina hasta un extenso centro de operaciones ubicado en el Parque Industrial La Negra, con una superficie de 5.500 mt2; una sucursal en Santiago; y exportaciones fuera de Chile.<\/p>\n<p>Hoy, Garrido ejecuta todas sus operaciones con certificaciones ISO 9001, ISO 14001 y ISO 45000. \u201cPara m\u00ed es tremendo orgullo destacar como una empresaria de una pyme\u201d, agradeci\u00f3, prepar\u00e1ndose para ser la primera mujer minera chilena reconocida en el pr\u00f3ximo Top Woman 100 Awards de Am\u00e9rica Latina y el Caribe.<\/p>\n<\/div>\n<hr \/>\n","protected":false},"excerpt":{"rendered":"<p>Pamela Garrido fue la primera vicepresidenta de la Asociaci\u00f3n de Industriales de Antofagasta (AIA) y actualmente es directora a cargo del Comit\u00e9 de G\u00e9nero.<\/p>\n","protected":false},"author":26,"featured_media":164953,"comment_status":"open","ping_status":"open","sticky":false,"template":"","format":"standard","meta":[],"categories":[60],"tags":[],"_links":{"self":[{"href":"https:\/\/www.portalminero.com\/wp\/wp-json\/wp\/v2\/posts\/164952"}],"collection":[{"href":"https:\/\/www.portalminero.com\/wp\/wp-json\/wp\/v2\/posts"}],"about":[{"href":"https:\/\/www.portalminero.com\/wp\/wp-json\/wp\/v2\/types\/post"}],"author":[{"embeddable":true,"href":"https:\/\/www.portalminero.com\/wp\/wp-json\/wp\/v2\/users\/26"}],"replies":[{"embeddable":true,"href":"https:\/\/www.portalminero.com\/wp\/wp-json\/wp\/v2\/comments?post=164952"}],"version-history":[{"count":2,"href":"https:\/\/www.portalminero.com\/wp\/wp-json\/wp\/v2\/posts\/164952\/revisions"}],"predecessor-version":[{"id":164955,"href":"https:\/\/www.portalminero.com\/wp\/wp-json\/wp\/v2\/posts\/164952\/revisions\/164955"}],"wp:featuredmedia":[{"embeddable":true,"href":"https:\/\/www.portalminero.com\/wp\/wp-json\/wp\/v2\/media\/164953"}],"wp:attachment":[{"href":"https:\/\/www.portalminero.com\/wp\/wp-json\/wp\/v2\/media?parent=164952"}],"wp:term":[{"taxonomy":"category","embeddable":true,"href":"https:\/\/www.portalminero.com\/wp\/wp-json\/wp\/v2\/categories?post=164952"},{"taxonomy":"post_tag","embeddable":true,"href":"https:\/\/www.portalminero.com\/wp\/wp-json\/wp\/v2\/tags?post=164952"}],"curies":[{"name":"wp","href":"https:\/\/api.w.org\/{rel}","templated":true}]}}