{"id":166121,"date":"2024-04-02T00:00:00","date_gmt":"2024-04-02T00:00:00","guid":{"rendered":"https:\/\/www.portalminero.com\/wp\/el-teniente-refuerza-compromiso-con-programa-de-educacion-ambiental-del-agua\/"},"modified":"2024-04-02T14:13:46","modified_gmt":"2024-04-02T14:13:46","slug":"el-teniente-refuerza-compromiso-con-programa-de-educacion-ambiental-del-agua","status":"publish","type":"post","link":"https:\/\/www.portalminero.com\/wp\/el-teniente-refuerza-compromiso-con-programa-de-educacion-ambiental-del-agua\/","title":{"rendered":"El Teniente refuerza compromiso con Programa de Educaci\u00f3n Ambiental del Agua"},"content":{"rendered":"<h6><b>Chile<\/b><\/h6>\n<p><strong>En colaboraci\u00f3n con la Junta de Vigilancia R\u00edo Cachapoal Primera Secci\u00f3n, celebraron cinco a\u00f1os de la iniciativa.<\/strong><\/p>\n<p><img class=\"imagen-noticia\" src=\"data:image\/gif;base64,R0lGODlhAQABAIAAAAAAAP\/\/\/yH5BAEAAAAALAAAAAABAAEAAAIBRAA7\" data-src=\"https:\/\/www.portalminero.com\/wp\/wp-content\/uploads\/subidos\/notasprensa\/16092_660c0b3453537.jpg\" alt=\"El Teniente refuerza compromiso con Programa de Educaci\u00f3n Ambiental del Agua\" \/><noscript><img class=\"imagen-noticia\" src=\"https:\/\/www.portalminero.com\/wp\/wp-content\/uploads\/subidos\/notasprensa\/16092_660c0b3453537.jpg\" alt=\"El Teniente refuerza compromiso con Programa de Educaci\u00f3n Ambiental del Agua\" \/><\/noscript><\/p>\n<div class=\"texto_prensa\" align=\"justify\">\n<p><strong>martes 02 de abril del 2024.-<\/strong> Divisi\u00f3n El Teniente y la Junta de Vigilancia del R\u00edo Cachapoal Primera Secci\u00f3n y sus Afluentes, celebraron cinco a\u00f1os del Programa de Educaci\u00f3n Ambiental del Agua. Gracias al trabajo colaborativo, se han desarrollado m\u00e1s de 100 talleres, beneficiando a m\u00e1s de 1.600 personas de las localidades de Coya, Chacayes y Rancagua, al promover pr\u00e1cticas sostenibles.<\/p>\n<p>Germ\u00e1n Sandoval, gerente Sustentabilidad y Asuntos Externos, explic\u00f3 que \u201ctenemos hace varios a\u00f1os un convenio de colaboraci\u00f3n, en el \u00e1nimo y en el prop\u00f3sito de compartir la responsabilidad de cuidar el agua. Uno de los focos es la educaci\u00f3n de ni\u00f1os, j\u00f3venes y organizaciones comunitarias, en materia de uso responsable y eficiente del agua\u201d.<\/p>\n<p>Desde 2019, el programa se ha estructurado en tres l\u00edneas de acci\u00f3n: educacional, comunitaria y comunicacional. Su principal objetivo es proporcionar herramientas de aprendizaje, para impulsar pr\u00e1cticas sostenibles en las comunidades.<\/p>\n<p>H\u00e9ctor Castillo, director de Medio Ambiente de El Teniente, destac\u00f3 que \u201cel trabajo realizado ha sido muy importante. Este convenio se entrelaza con nuestro prop\u00f3sito como Divisi\u00f3n de generar triple valor social, econ\u00f3mico y ambiental. Queremos alcanzar a las familias, j\u00f3venes y ni\u00f1os para aportar a la regi\u00f3n en un tema tan relevante como es el cuidado del agua\u201d.<\/p>\n<p>El presidente de la Junta de Vigilancia, Leonardo Witting, cuya directiva fue reelegida por un nuevo per\u00edodo en la misma asamblea, expres\u00f3 que \u201chay que seguir incentivando la educaci\u00f3n en el cuidado del agua en los colegios. Este programa ha dado muy buenos resultados y hay que seguir apoy\u00e1ndolo. Para la Junta de Vigilancia es muy importante tambi\u00e9n comprobar la buena recepci\u00f3n que ha tenido y eso nos da motivos para seguir\u201d.<\/p>\n<p><strong>Trabajo con comunidades<\/strong><\/p>\n<p>Desde su inicio, se ha instaurado un trabajo de apoyo comunitario dirigido a vecinos, vecinas, representantes y l\u00edderes. \u201cEsto nos permite dejar capacidad instalada y conocimiento, para fomentar la autonom\u00eda en h\u00e1bitos m\u00e1s eficientes del uso de agua, as\u00ed como la reducci\u00f3n de residuos\u201d, explic\u00f3 la coordinadora del convenio de El Teniente, Carmen Gloria Valenzano.<\/p>\n<p>A trav\u00e9s de diversos talleres de identificaci\u00f3n, se han desarrollado experiencias replicables en buenas pr\u00e1cticas del agua. Algunos de ellos son: la instalaci\u00f3n de huertos verticales, visitas pedag\u00f3gicas y talleres de reutilizaci\u00f3n de aguas domiciliarias.<\/p>\n<p>Vanessa Mancisidor, coordinadora del programa de la Junta, agreg\u00f3 que \u201cen cada convocatoria ha ido aumentando el inter\u00e9s y m\u00e1s personas se han sumado. Eso nos deja satisfechas tambi\u00e9n porque este programa se hace con la responsabilidad social que comparten la Junta y Codelco\u201d.<\/p>\n<p>Por su parte, Robert Hilliard, gerente de la agrupaci\u00f3n, valor\u00f3 que \u201cpara nosotros es importante seguir avanzando con el programa que desarrollamos dentro del convenio. En estos cinco a\u00f1os de trabajo vemos la contribuci\u00f3n a la ense\u00f1anza del cuidado del agua con este programa. Empezamos en Coya y ahora estamos ense\u00f1ando con nuestra experiencia en Dintrans y Olivar\u201d.<\/p>\n<\/div>\n<hr \/>\n","protected":false},"excerpt":{"rendered":"<p>En colaboraci\u00f3n con la Junta de Vigilancia R\u00edo Cachapoal Primera Secci\u00f3n, celebraron cinco a\u00f1os de la iniciativa.<\/p>\n","protected":false},"author":26,"featured_media":166122,"comment_status":"open","ping_status":"open","sticky":false,"template":"","format":"standard","meta":[],"categories":[60],"tags":[],"_links":{"self":[{"href":"https:\/\/www.portalminero.com\/wp\/wp-json\/wp\/v2\/posts\/166121"}],"collection":[{"href":"https:\/\/www.portalminero.com\/wp\/wp-json\/wp\/v2\/posts"}],"about":[{"href":"https:\/\/www.portalminero.com\/wp\/wp-json\/wp\/v2\/types\/post"}],"author":[{"embeddable":true,"href":"https:\/\/www.portalminero.com\/wp\/wp-json\/wp\/v2\/users\/26"}],"replies":[{"embeddable":true,"href":"https:\/\/www.portalminero.com\/wp\/wp-json\/wp\/v2\/comments?post=166121"}],"version-history":[{"count":2,"href":"https:\/\/www.portalminero.com\/wp\/wp-json\/wp\/v2\/posts\/166121\/revisions"}],"predecessor-version":[{"id":166126,"href":"https:\/\/www.portalminero.com\/wp\/wp-json\/wp\/v2\/posts\/166121\/revisions\/166126"}],"wp:featuredmedia":[{"embeddable":true,"href":"https:\/\/www.portalminero.com\/wp\/wp-json\/wp\/v2\/media\/166122"}],"wp:attachment":[{"href":"https:\/\/www.portalminero.com\/wp\/wp-json\/wp\/v2\/media?parent=166121"}],"wp:term":[{"taxonomy":"category","embeddable":true,"href":"https:\/\/www.portalminero.com\/wp\/wp-json\/wp\/v2\/categories?post=166121"},{"taxonomy":"post_tag","embeddable":true,"href":"https:\/\/www.portalminero.com\/wp\/wp-json\/wp\/v2\/tags?post=166121"}],"curies":[{"name":"wp","href":"https:\/\/api.w.org\/{rel}","templated":true}]}}