{"id":167617,"date":"2024-04-23T00:00:00","date_gmt":"2024-04-23T00:00:00","guid":{"rendered":"https:\/\/www.portalminero.com\/wp\/mas-de-2-mil-personas-se-han-maravillado-con-el-espiritu-del-vino-en-sala-de-arte-casa-collahuasi\/"},"modified":"2024-04-23T13:21:17","modified_gmt":"2024-04-23T13:21:17","slug":"mas-de-2-mil-personas-se-han-maravillado-con-el-espiritu-del-vino-en-sala-de-arte-casa-collahuasi","status":"publish","type":"post","link":"https:\/\/www.portalminero.com\/wp\/mas-de-2-mil-personas-se-han-maravillado-con-el-espiritu-del-vino-en-sala-de-arte-casa-collahuasi\/","title":{"rendered":"M\u00e1s de 2 mil personas se han maravillado con \u201cEl Esp\u00edritu del Vino\u201d en Sala de Arte Casa Collahuasi"},"content":{"rendered":"<h6><b>Chile<\/b><\/h6>\n<p><strong>A trav\u00e9s de una colecci\u00f3n de piezas gr\u00e1ficas, utensilios y artefactos, esta muestra propone un viaje en el tiempo sobre la elaboraci\u00f3n y desarrollo cultural e hist\u00f3rico de este brebaje. La exhibici\u00f3n finalizar\u00e1 este pr\u00f3ximo 25 de abril.<\/strong><\/p>\n<p><img class=\"imagen-noticia\" src=\"data:image\/gif;base64,R0lGODlhAQABAIAAAAAAAP\/\/\/yH5BAEAAAAALAAAAAABAAEAAAIBRAA7\" data-src=\"https:\/\/www.portalminero.com\/wp\/wp-content\/uploads\/subidos\/notasprensa\/16183_6627b4722a68b.jpg\" alt=\"M\u00e1s de 2 mil personas se han maravillado con \u201cEl Esp\u00edritu del Vino\u201d en Sala de Arte Casa Collahuasi\" \/><noscript><img class=\"imagen-noticia\" src=\"https:\/\/www.portalminero.com\/wp\/wp-content\/uploads\/subidos\/notasprensa\/16183_6627b4722a68b.jpg\" alt=\"M\u00e1s de 2 mil personas se han maravillado con \u201cEl Esp\u00edritu del Vino\u201d en Sala de Arte Casa Collahuasi\" \/><\/noscript><\/p>\n<div class=\"texto_prensa\" align=\"justify\"><strong>martes 23 de abril del 2024.-<\/strong>\u00a0Gestionada su llegada a la Regi\u00f3n de Tarapac\u00e1 por Compa\u00f1\u00eda Minera Do\u00f1a In\u00e9s de Collahuasi y Museo del Vino de Santa Cruz de Fundaci\u00f3n Cardoen, m\u00e1s de 2 mil personas han vivido una enriquecedora experiencia museogr\u00e1fica con la muestra \u201cEl Esp\u00edritu del Vino\u201d en Sala de Arte Casa Collahuasi.<\/p>\n<p>La exposici\u00f3n da cuenta del protagonismo del vino en diferentes \u00e1mbitos en la historia de la humanidad, proponiendo un interesante recorrido en el tiempo a trav\u00e9s de una colecci\u00f3n de piezas gr\u00e1ficas, que describen aspectos sobre su evoluci\u00f3n, cultivo, t\u00e9cnicas de producci\u00f3n, elaboraci\u00f3n y consumo; adem\u00e1s de vitrinas con utensilios, copas, botellas, vasijas, registros fotogr\u00e1ficos y artefactos.<\/p>\n<p>Este viaje al pasado comienza con las primeras vides cultivadas en los territorios de Georgia y Armenia hace 8 mil a\u00f1os a.C., seguido de su presencia en la antigua Grecia y en Roma, entre otros contextos hist\u00f3ricos que no pasan desapercibidos para quienes visiten la Sala de Arte Collahuasi.<\/p>\n<p>Chile no est\u00e1 ausente de esta exhibici\u00f3n, donde los visitantes pueden aprender sobre la llegada de este ancestral brebaje al territorio nacional en el siglo XVI. La Regi\u00f3n de Tarapac\u00e1 tambi\u00e9n est\u00e1 presente con el trabajo de la cooperativa \u201cLagar de los Oasis\u201d de Pica y del proyecto \u201cVino del Desierto\u201d de la Vi\u00f1a Canchones en la Pampa del Tamarugal.<\/p>\n<p>\u201cEl Esp\u00edritu del Vino\u201d permanecer\u00e1 abierta al p\u00fablico hasta el pr\u00f3ximo 25 de abril, luego de dos meses de gran convocatoria. La exhibici\u00f3n es la quinta iniciativa articulada conjuntamente entre Collahuasi y Fundaci\u00f3n Cardoen, siendo antecedida por otras propuestas art\u00edsticas y culturales como metalurgia prehisp\u00e1nica en 2011, textiles precolombinos en 2012, cultura e identidad chilena en 2015, y la vida y obra de Pablo Neruda en 2019.<\/p>\n<p>La Sala de Arte Casa Collahuasi se ubica en Baquedano 930 y sus horarios de apertura gratuita al p\u00fablico son de lunes a viernes de 09:00 a 13:00 horas y de 15:00 a 17:00 horas.<\/p><\/div>\n<hr \/>\n","protected":false},"excerpt":{"rendered":"<p>A trav\u00e9s de una colecci\u00f3n de piezas gr\u00e1ficas, utensilios y artefactos, esta muestra propone un viaje en el tiempo sobre la elaboraci\u00f3n y desarrollo cultural e hist\u00f3rico de este brebaje. La exhibici\u00f3n finalizar\u00e1 este pr\u00f3ximo 25 de abril.<\/p>\n","protected":false},"author":26,"featured_media":167618,"comment_status":"open","ping_status":"open","sticky":false,"template":"","format":"standard","meta":[],"categories":[60],"tags":[],"_links":{"self":[{"href":"https:\/\/www.portalminero.com\/wp\/wp-json\/wp\/v2\/posts\/167617"}],"collection":[{"href":"https:\/\/www.portalminero.com\/wp\/wp-json\/wp\/v2\/posts"}],"about":[{"href":"https:\/\/www.portalminero.com\/wp\/wp-json\/wp\/v2\/types\/post"}],"author":[{"embeddable":true,"href":"https:\/\/www.portalminero.com\/wp\/wp-json\/wp\/v2\/users\/26"}],"replies":[{"embeddable":true,"href":"https:\/\/www.portalminero.com\/wp\/wp-json\/wp\/v2\/comments?post=167617"}],"version-history":[{"count":1,"href":"https:\/\/www.portalminero.com\/wp\/wp-json\/wp\/v2\/posts\/167617\/revisions"}],"predecessor-version":[{"id":167619,"href":"https:\/\/www.portalminero.com\/wp\/wp-json\/wp\/v2\/posts\/167617\/revisions\/167619"}],"wp:featuredmedia":[{"embeddable":true,"href":"https:\/\/www.portalminero.com\/wp\/wp-json\/wp\/v2\/media\/167618"}],"wp:attachment":[{"href":"https:\/\/www.portalminero.com\/wp\/wp-json\/wp\/v2\/media?parent=167617"}],"wp:term":[{"taxonomy":"category","embeddable":true,"href":"https:\/\/www.portalminero.com\/wp\/wp-json\/wp\/v2\/categories?post=167617"},{"taxonomy":"post_tag","embeddable":true,"href":"https:\/\/www.portalminero.com\/wp\/wp-json\/wp\/v2\/tags?post=167617"}],"curies":[{"name":"wp","href":"https:\/\/api.w.org\/{rel}","templated":true}]}}