{"id":169860,"date":"2024-05-14T00:00:00","date_gmt":"2024-05-14T00:00:00","guid":{"rendered":"https:\/\/www.portalminero.com\/wp\/fundacion-reinventarse-de-grupo-komatsu-cummins-expande-su-programa-de-reinsercion-a-la-region-de-valparaiso\/"},"modified":"2024-05-14T14:49:20","modified_gmt":"2024-05-14T14:49:20","slug":"fundacion-reinventarse-de-grupo-komatsu-cummins-expande-su-programa-de-reinsercion-a-la-region-de-valparaiso","status":"publish","type":"post","link":"https:\/\/www.portalminero.com\/wp\/fundacion-reinventarse-de-grupo-komatsu-cummins-expande-su-programa-de-reinsercion-a-la-region-de-valparaiso\/","title":{"rendered":"Fundaci\u00f3n Reinventarse de Grupo Komatsu Cummins expande su programa de reinserci\u00f3n a la Regi\u00f3n de Valpara\u00edso"},"content":{"rendered":"<h6><b>Chile<\/b><\/h6>\n<p><strong>La nueva iniciativa, que busca generar un impacto significativo en la transformaci\u00f3n social, ha sido anunciada para el Centro de Internaci\u00f3n Provisoria y de R\u00e9gimen Cerrado de Limache.<\/strong><\/p>\n<p><img class=\"imagen-noticia\" src=\"data:image\/gif;base64,R0lGODlhAQABAIAAAAAAAP\/\/\/yH5BAEAAAAALAAAAAABAAEAAAIBRAA7\" data-src=\"https:\/\/www.portalminero.com\/wp\/wp-content\/uploads\/subidos\/notasprensa\/16256_6643781180621.jpg\" alt=\"Fundaci\u00f3n Reinventarse de Grupo Komatsu Cummins expande su programa de reinserci\u00f3n a la Regi\u00f3n de Valpara\u00edso\" \/><noscript><img class=\"imagen-noticia\" src=\"https:\/\/www.portalminero.com\/wp\/wp-content\/uploads\/subidos\/notasprensa\/16256_6643781180621.jpg\" alt=\"Fundaci\u00f3n Reinventarse de Grupo Komatsu Cummins expande su programa de reinserci\u00f3n a la Regi\u00f3n de Valpara\u00edso\" \/><\/noscript><\/p>\n<div class=\"texto_prensa\" align=\"justify\"><strong>martes 14 de mayo del 2024.-<\/strong>\u00a0Fundaci\u00f3n Reinventarse de Grupo Komatsu Cummins junto con el Servicio Nacional de Menores (Sename), presentaron una nueva unidad formativa en el Centro de Internaci\u00f3n Provisoria y de R\u00e9gimen Cerrado de Limache, en la Regi\u00f3n de Valpara\u00edso. La instancia cont\u00f3 con la presencia de autoridades del Estado, incluyendo representantes del Ministerio de Justicia y el Sename, quienes reafirman su respaldo a estas acciones orientadas a la reinserci\u00f3n social de j\u00f3venes.<\/p>\n<p>Con una d\u00e9cada de trabajo en conjunto, Fundaci\u00f3n Reinventarse de Grupo Komatsu Cummins destaca por la habilitaci\u00f3n de cupos de empleo para quienes est\u00e1n cumpliendo sanci\u00f3n, para encaminar y agilizar el proceso de j\u00f3venes que se esfuercen por dicha integraci\u00f3n, y tambi\u00e9n considera el acompa\u00f1amiento integral para que tales empleos puedan mantenerse una vez que los beneficiados quedan en el medio libre.<\/p>\n<p>Al respecto, Jaime Gajardo Falc\u00f3n, subsecretario de Justicia, enfatiz\u00f3 la colaboraci\u00f3n entre el sector p\u00fablico y privado como un factor clave para alcanzar progresos significativos en beneficio del pa\u00eds. \u201cLa sola acci\u00f3n estatal no es suficiente para enfrentar el desaf\u00edo de la reinserci\u00f3n social. Para ello, se requiere sin duda la colaboraci\u00f3n activa y permanente de la sociedad en su conjunto. La contribuci\u00f3n de las empresas no s\u00f3lo favorece al desarrollo de una vida independiente y alejada del delito, sino que adem\u00e1s las estrategias mancomunadas son consideradas esenciales para el logro de los objetivos de seguridad p\u00fablica, ya que se constituyen como mecanismos de prevenci\u00f3n del delito, ayudan con la disminuci\u00f3n de la victimizaci\u00f3n y de la reincidencia delictiva\u201d, destac\u00f3 la autoridad.<\/p>\n<p>Durante la ceremonia, Mar\u00eda Eugenia Fern\u00e1ndez Alvear, directora nacional del Sename, valor\u00f3 la labor de la fundaci\u00f3n. \u201cLa reinserci\u00f3n de los j\u00f3venes es fundamental en el trabajo que realizamos y es una tarea que no podemos hacer solo desde el Estado, si no que requiere del compromiso de la sociedad. Por eso este tipo de acciones es tan importante, porque entregar las herramientas necesarias que les permitan ingresar despu\u00e9s al mundo laboral es darles una oportunidad de resurgir y, con ello, una oportunidad de aportar al pa\u00eds\u201d, se\u00f1al\u00f3.<\/p>\n<p><strong>Crear valor en conjunto<\/strong><\/p>\n<p>Este convenio, en conjunto con el Sename, est\u00e1 insertado en uno de los centros con mayor poblaci\u00f3n en Chile, junto con la comuna de Coronel y la ciudad de Santiago, que acoge a j\u00f3venes de toda la quinta regi\u00f3n. El foco principal estar\u00e1 en impartir un taller de armado y desarmado de motores, para el cual Grupo Komatsu Cummins proporcionar\u00e1 el material necesario como compa\u00f1\u00eda proveedora de la gran miner\u00eda, la construcci\u00f3n y el sector forestal. Este lanzamiento representa un avance para Fundaci\u00f3n Reinventarse y la multinacional, reafirmando su compromiso constante con la reintegraci\u00f3n social y laboral al proporcionar herramientas y competencias pr\u00e1cticos y te\u00f3ricos para el desarrollo personal y profesional.<\/p>\n<p>\u201cLa implementaci\u00f3n de este proyecto es relevante, dado que el centro atiende a un gran n\u00famero personas y, por ende, tiene potencial para generar un impacto positivo considerable en la comunidad. Durante 10 a\u00f1os de trabajo, hemos implementado e ido fortaleciendo un modelo que ofrece significativos beneficios, como estabilidad a largo plazo y una mayor viabilidad econ\u00f3mica para su sostenibilidad que si bien en esta esta primera etapa se centrar\u00e1 en aspectos formativos, esperamos avanzar hacia una mayor productividad, ofreciendo servicios basados en los conocimientos adquiridos\u201d, afirm\u00f3 Bernardo V\u00e1squez, director ejecutivo de Fundaci\u00f3n Reinventarse.<\/p>\n<p>Por su parte, Rodrigo Rojas, l\u00edder del proyecto en la Regi\u00f3n de Valpara\u00edso por Fundaci\u00f3n Reinventarse, traz\u00f3 algunos lineamientos de cambio social que tiene el proyecto. \u201cEl programa se centra en clases dise\u00f1adas para preparar a los j\u00f3venes en el oficio mec\u00e1nico, para as\u00ed poder equiparlos con las habilidades laborales necesarias para ingresar al \u00e1mbito profesional libre. Nuestra aspiraci\u00f3n es que ellos en un futuro puedan trabajar en este rubro. Esperamos contribuir a su situaci\u00f3n actual y motivarlos a seguir super\u00e1ndose\u201d, destac\u00f3.<\/p>\n<p>Lo anterior, se suma a m\u00e1s de una d\u00e9cada de trabajo en conjunto con Grupo Komatsu Cummins, cuyos beneficios han ido expandi\u00e9ndose en distintos territorios del pa\u00eds y cuyo aporte, solo en el 2023, permiti\u00f3 atender a 683 personas y proporcionar un total de 982 prestaciones. Este prop\u00f3sito busca generar nuevas oportunidades que impulsen la inclusi\u00f3n social y el desarrollo de comunidades m\u00e1s equitativas y pr\u00f3speras.<\/p><\/div>\n<hr \/>\n","protected":false},"excerpt":{"rendered":"<p>La nueva iniciativa, que busca generar un impacto significativo en la transformaci\u00f3n social, ha sido anunciada para el Centro de Internaci\u00f3n Provisoria y de R\u00e9gimen Cerrado de Limache.<\/p>\n","protected":false},"author":26,"featured_media":169861,"comment_status":"open","ping_status":"open","sticky":false,"template":"","format":"standard","meta":[],"categories":[60],"tags":[],"_links":{"self":[{"href":"https:\/\/www.portalminero.com\/wp\/wp-json\/wp\/v2\/posts\/169860"}],"collection":[{"href":"https:\/\/www.portalminero.com\/wp\/wp-json\/wp\/v2\/posts"}],"about":[{"href":"https:\/\/www.portalminero.com\/wp\/wp-json\/wp\/v2\/types\/post"}],"author":[{"embeddable":true,"href":"https:\/\/www.portalminero.com\/wp\/wp-json\/wp\/v2\/users\/26"}],"replies":[{"embeddable":true,"href":"https:\/\/www.portalminero.com\/wp\/wp-json\/wp\/v2\/comments?post=169860"}],"version-history":[{"count":1,"href":"https:\/\/www.portalminero.com\/wp\/wp-json\/wp\/v2\/posts\/169860\/revisions"}],"predecessor-version":[{"id":169862,"href":"https:\/\/www.portalminero.com\/wp\/wp-json\/wp\/v2\/posts\/169860\/revisions\/169862"}],"wp:featuredmedia":[{"embeddable":true,"href":"https:\/\/www.portalminero.com\/wp\/wp-json\/wp\/v2\/media\/169861"}],"wp:attachment":[{"href":"https:\/\/www.portalminero.com\/wp\/wp-json\/wp\/v2\/media?parent=169860"}],"wp:term":[{"taxonomy":"category","embeddable":true,"href":"https:\/\/www.portalminero.com\/wp\/wp-json\/wp\/v2\/categories?post=169860"},{"taxonomy":"post_tag","embeddable":true,"href":"https:\/\/www.portalminero.com\/wp\/wp-json\/wp\/v2\/tags?post=169860"}],"curies":[{"name":"wp","href":"https:\/\/api.w.org\/{rel}","templated":true}]}}