{"id":169894,"date":"2024-05-15T00:00:00","date_gmt":"2024-05-15T00:00:00","guid":{"rendered":"https:\/\/www.portalminero.com\/wp\/vecinos-de-maria-elena-celebraron-positivo-impacto-de-proyectos-en-economia-local-seguridad-y-educacion\/"},"modified":"2024-05-15T13:03:25","modified_gmt":"2024-05-15T13:03:25","slug":"vecinos-de-maria-elena-celebraron-positivo-impacto-de-proyectos-en-economia-local-seguridad-y-educacion","status":"publish","type":"post","link":"https:\/\/www.portalminero.com\/wp\/vecinos-de-maria-elena-celebraron-positivo-impacto-de-proyectos-en-economia-local-seguridad-y-educacion\/","title":{"rendered":"Vecinos de Mar\u00eda Elena celebraron positivo impacto de proyectos en econom\u00eda local, seguridad y educaci\u00f3n"},"content":{"rendered":"<h6><b>Chile<\/b><\/h6>\n<p><strong>La comunidad elenina dio el cierre a Di\u00e1logos para el Desarrollo 2023 y el vamos a la nueva versi\u00f3n 2024 del programa donde los vecinos proponen y eligen las soluciones sociales a implementar.<\/strong><\/p>\n<p><img class=\"imagen-noticia\" src=\"data:image\/gif;base64,R0lGODlhAQABAIAAAAAAAP\/\/\/yH5BAEAAAAALAAAAAABAAEAAAIBRAA7\" data-src=\"https:\/\/www.portalminero.com\/wp\/wp-content\/uploads\/subidos\/notasprensa\/16263_6644b15aefd21.jpg\" alt=\"Vecinos de Mar\u00eda Elena celebraron positivo impacto de proyectos en econom\u00eda local, seguridad y educaci\u00f3n\" \/><noscript><img class=\"imagen-noticia\" src=\"https:\/\/www.portalminero.com\/wp\/wp-content\/uploads\/subidos\/notasprensa\/16263_6644b15aefd21.jpg\" alt=\"Vecinos de Mar\u00eda Elena celebraron positivo impacto de proyectos en econom\u00eda local, seguridad y educaci\u00f3n\" \/><\/noscript><\/p>\n<div class=\"texto_prensa\" align=\"justify\"><strong>mi\u00e9rcoles 15 de mayo del 2024.-<\/strong>\u00a0\u2018Di\u00e1logos en Fiesta\u2019 fue el nombre del festival que concentr\u00f3 a la comunidad pampina en la plaza de Mar\u00eda Elena, en un encuentro realizado para celebrar el cierre de cuatro proyectos de Di\u00e1logos para el Desarrollo 2023, escogidos por la ciudadan\u00eda para influir positivamente en las \u00e1reas de econom\u00eda local, recreaci\u00f3n, seguridad y educaci\u00f3n.<\/p>\n<p>M\u00fasica, baile, concursos, adopci\u00f3n de mascotas, emprendimientos y mucha participaci\u00f3n marcaron esta jornada en la que adem\u00e1s se hizo un llamado a la comunidad para participar de los Di\u00e1logos para el Desarrollo 2024, versi\u00f3n que considera 4 l\u00edneas de acci\u00f3n para la presentaci\u00f3n de proyectos: \u201cEducaci\u00f3n\u201d; \u201cEconom\u00eda circular, reciclaje e innovaci\u00f3n\u201d; \u201cSalud\u201d; y \u201cCultura, identidad y patrimonio\u201d.<\/p>\n<p><strong>Proyectos 2023<\/strong><\/p>\n<p>Durante 2023, el proyecto m\u00e1s votado por las y los vecinos fue \u2018Alianza de ferias pampinas\u2019, el cual renov\u00f3 el equipamiento de tres ferias locales de emprendedores para mejorar su calidad de servicio al cliente y que esto impacte positivamente en sus ventas, dinamizando la econom\u00eda local.<\/p>\n<p>Para Ivonne Castillo, representante de la feria Manuel Rodr\u00edguez, que tiene 50 a\u00f1os de historia, el balance es positivo. \u201cUnificar el criterio fue dif\u00edcil, pero el resultado vali\u00f3 la pena. Estos proyectos son para beneficio de la comunidad en general y esperamos seguir creciendo\u201d.<\/p>\n<p>Otra de las iniciativas fue la implementaci\u00f3n y acompa\u00f1amiento que benefici\u00f3 a m\u00e1s de 50 ni\u00f1as y j\u00f3venes de entre 3 y 15 a\u00f1os de la Academia de Gimnasia R\u00edtmica Destellos, con un tapete de competici\u00f3n, vestimenta y art\u00edculos para trabajar en deporte, recreaci\u00f3n, salud mental e integraci\u00f3n. \u201cQueremos alcanzar un nivel mayor, estar en el mapa de la regi\u00f3n, y este programa nos permiti\u00f3 ser sede de competencia, mejorar el nivel y motivaci\u00f3n de nuestras hijas\u201d, precis\u00f3 la apoderada Carolina Rojas.<\/p>\n<p><strong>Seguridad y educaci\u00f3n<\/strong><\/p>\n<p>Otro de los proyectos impulsados a trav\u00e9s de Di\u00e1logos para el Desarrollo fue el \u2018Programa de tenencia responsable de mascotas\u2019, que esteriliz\u00f3 a m\u00e1s de 120 perros y gatos comunitarios de Mar\u00eda Elena, con el objetivo de prevenir problemas de seguridad y salud p\u00fablica, complementando adem\u00e1s con charlas sobre tenencia responsable.\u201cEsta es una iniciativa que se hab\u00eda perdido y ahora que tengamos este apoyo de las empresas para la esterilizaci\u00f3n es muy valorable\u201d, manifest\u00f3 Eduardo Alfaro, vecino de Mar\u00eda Elena.<\/p>\n<p>La cuarta iniciativa elegida por la comunidad e implementada fue \u2018Juntos avanzamos a la educaci\u00f3n del futuro\u2019, que mejor\u00f3 el sistema el\u00e9ctrico y habilit\u00f3 la climatizaci\u00f3n de la sala de clases para la especialidad de Mec\u00e1nica Automotriz del Liceo T\u00e9cnico Profesional Cient\u00edfico Humanista. Con esto se complementa la adquisici\u00f3n de pantallas interactivas en la versi\u00f3n 2022 del programa, mejorando las condiciones de aprendizaje de los estudiantes.<\/p>\n<p>Di\u00e1logos para el Desarrollo es un programa de Minera Antucoya, impulsado en conjunto con la Municipalidad de Mar\u00eda Elena y ejecutado con la colaboraci\u00f3n de la Fundaci\u00f3n Emprende2, quienes ya est\u00e1n trabajando juntos para una nueva versi\u00f3n: Los detalles del proceso ser\u00e1n informados a trav\u00e9s de <a href=\"http:\/\/www.antucoyaparticipa.cl\">www.antucoyaparticipa.cl<\/a><\/div>\n<hr \/>\n","protected":false},"excerpt":{"rendered":"<p>La comunidad elenina dio el cierre a Di\u00e1logos para el Desarrollo 2023 y el vamos a la nueva versi\u00f3n 2024 del programa donde los vecinos proponen y eligen las soluciones sociales a implementar.<\/p>\n","protected":false},"author":26,"featured_media":169895,"comment_status":"open","ping_status":"open","sticky":false,"template":"","format":"standard","meta":[],"categories":[60],"tags":[],"_links":{"self":[{"href":"https:\/\/www.portalminero.com\/wp\/wp-json\/wp\/v2\/posts\/169894"}],"collection":[{"href":"https:\/\/www.portalminero.com\/wp\/wp-json\/wp\/v2\/posts"}],"about":[{"href":"https:\/\/www.portalminero.com\/wp\/wp-json\/wp\/v2\/types\/post"}],"author":[{"embeddable":true,"href":"https:\/\/www.portalminero.com\/wp\/wp-json\/wp\/v2\/users\/26"}],"replies":[{"embeddable":true,"href":"https:\/\/www.portalminero.com\/wp\/wp-json\/wp\/v2\/comments?post=169894"}],"version-history":[{"count":1,"href":"https:\/\/www.portalminero.com\/wp\/wp-json\/wp\/v2\/posts\/169894\/revisions"}],"predecessor-version":[{"id":169896,"href":"https:\/\/www.portalminero.com\/wp\/wp-json\/wp\/v2\/posts\/169894\/revisions\/169896"}],"wp:featuredmedia":[{"embeddable":true,"href":"https:\/\/www.portalminero.com\/wp\/wp-json\/wp\/v2\/media\/169895"}],"wp:attachment":[{"href":"https:\/\/www.portalminero.com\/wp\/wp-json\/wp\/v2\/media?parent=169894"}],"wp:term":[{"taxonomy":"category","embeddable":true,"href":"https:\/\/www.portalminero.com\/wp\/wp-json\/wp\/v2\/categories?post=169894"},{"taxonomy":"post_tag","embeddable":true,"href":"https:\/\/www.portalminero.com\/wp\/wp-json\/wp\/v2\/tags?post=169894"}],"curies":[{"name":"wp","href":"https:\/\/api.w.org\/{rel}","templated":true}]}}