{"id":170478,"date":"2024-05-20T00:00:00","date_gmt":"2024-05-20T00:00:00","guid":{"rendered":"https:\/\/www.portalminero.com\/wp\/chuquicamata-se-lleno-de-alegria-nostalgia-deporte-y-musica-en-la-conmemoracion-de-sus-109-anos\/"},"modified":"2024-05-20T02:17:46","modified_gmt":"2024-05-20T02:17:46","slug":"chuquicamata-se-lleno-de-alegria-nostalgia-deporte-y-musica-en-la-conmemoracion-de-sus-109-anos","status":"publish","type":"post","link":"https:\/\/www.portalminero.com\/wp\/chuquicamata-se-lleno-de-alegria-nostalgia-deporte-y-musica-en-la-conmemoracion-de-sus-109-anos\/","title":{"rendered":"Chuquicamata se llen\u00f3 de alegr\u00eda, nostalgia, deporte y m\u00fasica en la conmemoraci\u00f3n de sus 109 a\u00f1os"},"content":{"rendered":"<h6><b>Chile<\/b><\/h6>\n<p><strong>Actividades tradicionales y otras nuevas marcaron un nuevo aniversario del campamento, donde grandes y peque\u00f1os fueron parte de esta fiesta que llena de vida al mineral.<\/strong><\/p>\n<p><img class=\"imagen-noticia\" src=\"data:image\/gif;base64,R0lGODlhAQABAIAAAAAAAP\/\/\/yH5BAEAAAAALAAAAAABAAEAAAIBRAA7\" data-src=\"https:\/\/www.portalminero.com\/wp\/wp-content\/uploads\/subidos\/notasprensa\/16281_664aafcd4dd8d.jpg\" alt=\"Chuquicamata se llen\u00f3 de alegr\u00eda, nostalgia, deporte y m\u00fasica en la conmemoraci\u00f3n de sus 109 a\u00f1os\" \/><noscript><img class=\"imagen-noticia\" src=\"https:\/\/www.portalminero.com\/wp\/wp-content\/uploads\/subidos\/notasprensa\/16281_664aafcd4dd8d.jpg\" alt=\"Chuquicamata se llen\u00f3 de alegr\u00eda, nostalgia, deporte y m\u00fasica en la conmemoraci\u00f3n de sus 109 a\u00f1os\" \/><\/noscript><\/p>\n<div class=\"texto_prensa\" align=\"justify\">\n<p><strong>lunes 20 de mayo del 2024.-<\/strong> Volver a Chuquicamata siempre es motivo de emoci\u00f3n, nostalgia, alegr\u00eda y orgullo por ser parte de una gran familia minera que a\u00f1o a a\u00f1o se re\u00fane para conmemorar un nuevo aniversario. En sus 109 a\u00f1os, las actividades estuvieron marcadas por la participaci\u00f3n de ni\u00f1as y ni\u00f1os que gracias a su talento, van conociendo la historia del campamento y siendo parte de esta tradicional fiesta.<\/p>\n<p>As\u00ed lo demostraron integrantes del Club de Patinaje Art\u00edstico y Deportivo \u201cSol y Cobre\u201d, el primero en Chile de car\u00e1cter inclusivo y neurodivergente y cuyas ni\u00f1as y ni\u00f1os demostraron sus habilidades en la pista del teatro Variedades. Su presidente y fundador de la escuela, Alexie Chamblas, agradeci\u00f3 a Codelco que \u201cnos invit\u00f3 a ser parte de este aniversario y ser en cierta forma custodios de este lugar. Como Sol y Cobre esperamos seguir proyect\u00e1ndonos ac\u00e1 para honrar la historia de Chuquicamata\u201d.<\/p>\n<p>La m\u00fasica no pod\u00eda faltar con la participaci\u00f3n de las bandas locales que se presentaron en el Club Chuqui, donde tambi\u00e9n se realiz\u00f3 un homenaje al grupo \u201cLos Pampinos\u201d a cargo de la Agrupaci\u00f3n Folcl\u00f3rica Peque\u00f1as Ra\u00edces de El Loa, donde ni\u00f1as, ni\u00f1os y adultos representaron con sus coreograf\u00edas los temas de esta emblem\u00e1tica agrupaci\u00f3n.<\/p>\n<p>Otra actividad novedosa fue la obra de teatro presentada en el cementerio de Chuquicamata, a cargo de la compa\u00f1\u00eda de Teatro Patrimonial, donde se representaron las historias de personajes locales como tambi\u00e9n hechos tan tr\u00e1gicos como el polvorazo de 1965. Para Walter Saavedra, ex trabajador de Codelco, muy emocionado destac\u00f3 la instancia que adem\u00e1s de aprender de los relatos, \u201cel discurso de la tronadura me hizo recordar cuando trabajaba en la mina y la tengo en el alma. Eso me impact\u00f3 mucho, porque ten\u00eda 13 a\u00f1os cuando pas\u00f3 el accidente\u201d.<\/p>\n<p>Respecto al aniversario, el director de Comunicaciones y Asuntos P\u00fablicos de las operaciones norte de Codelco, Cristian Varas, destac\u00f3 que \u201ces preciso agradecer y felicitar a las agrupaciones que est\u00e1n activas y presentes en el desaf\u00edos de mantener las tradiciones. Seguiremos trabajando unidos para poner en valor Chuquicamata a trav\u00e9s de las diversas actividades que realizamos durante todo el a\u00f1o. Desarrollar estos programas requiere de gran esfuerzo por parte de muchas personas, pero tenemos la convicci\u00f3n que las distintas fiestas y tradiciones se mantendr\u00e1n en el tiempo\u201d, sostuvo.<\/p>\n<p><strong>Tradiciones y memoria<\/strong><\/p>\n<p>En las tradicionales actividades, como la misa en la parroquia Salvador, el paseo por el tren minero, la romer\u00eda y las exposiciones en los edificios emblem\u00e1ticos, chuquicamatinoas\/as de nacimiento y otros por adopci\u00f3n, recorr\u00edan cada rinc\u00f3n para recordar sus vivencias y para mostrar a las nuevas generaciones c\u00f3mo viv\u00edan y trabajaban en el mineral.<\/p>\n<p>\u201cLlegu\u00e9 a trabajar a la Fundici\u00f3n, luego en Refiner\u00eda y en la mina. Viv\u00ed y me cas\u00e9 aqu\u00ed, mi marido tambi\u00e9n trabajaba en la mina y mis hijos nacieron y se criaron ac\u00e1, en s\u00ed \u00e9ramos parte de la comunidad. Chuquicamata es una familia y siempre vengo, porque es un orgullo\u201d, expres\u00f3 Am\u00e9rica Campos.<\/p>\n<p>Por su parte, Jorge Campusano, nacido en el mineral e hijo del atleta Luis Campusano, quien represent\u00f3 a Chuquicamata en diversas competencias nacionales e internacionales, coment\u00f3 que \u201ccon mis hermanos y hermanas no ven\u00edamos hace 12 a\u00f1os, as\u00ed que es emocionante para nosotros. Es bonito y ojal\u00e1 no se pierda para que quede como patrimonio\u201d.<\/p>\n<p>Quien tambi\u00e9n lleg\u00f3 con sus hermanos y hermanas fue Iris Devia, quien naci\u00f3 en el mineral, pero dej\u00f3 el campamento a temprana edad. \u201cEs una emoci\u00f3n muy grande volver al lugar donde nac\u00ed, me cri\u00e9 y recordar cosas muy hermosas que viv\u00ed con mi familia. Vinimos para los 100 a\u00f1os y \u00e9sta ser\u00eda la segunda vez que regresamos\u201d, dijo.<\/p>\n<p>Las actividades culminaron con el desfile c\u00edvico militar y la presentaci\u00f3n de las bandas \u201cChilex\u201d y Millenium\u201d quienes llenaron de alegr\u00eda y baile la plaza.<\/p>\n<\/div>\n<hr \/>\n","protected":false},"excerpt":{"rendered":"<p>Actividades tradicionales y otras nuevas marcaron un nuevo aniversario del campamento, donde grandes y peque\u00f1os fueron parte de esta fiesta que llena de vida al mineral.<\/p>\n","protected":false},"author":26,"featured_media":170479,"comment_status":"open","ping_status":"open","sticky":false,"template":"","format":"standard","meta":[],"categories":[60],"tags":[],"_links":{"self":[{"href":"https:\/\/www.portalminero.com\/wp\/wp-json\/wp\/v2\/posts\/170478"}],"collection":[{"href":"https:\/\/www.portalminero.com\/wp\/wp-json\/wp\/v2\/posts"}],"about":[{"href":"https:\/\/www.portalminero.com\/wp\/wp-json\/wp\/v2\/types\/post"}],"author":[{"embeddable":true,"href":"https:\/\/www.portalminero.com\/wp\/wp-json\/wp\/v2\/users\/26"}],"replies":[{"embeddable":true,"href":"https:\/\/www.portalminero.com\/wp\/wp-json\/wp\/v2\/comments?post=170478"}],"version-history":[{"count":2,"href":"https:\/\/www.portalminero.com\/wp\/wp-json\/wp\/v2\/posts\/170478\/revisions"}],"predecessor-version":[{"id":170481,"href":"https:\/\/www.portalminero.com\/wp\/wp-json\/wp\/v2\/posts\/170478\/revisions\/170481"}],"wp:featuredmedia":[{"embeddable":true,"href":"https:\/\/www.portalminero.com\/wp\/wp-json\/wp\/v2\/media\/170479"}],"wp:attachment":[{"href":"https:\/\/www.portalminero.com\/wp\/wp-json\/wp\/v2\/media?parent=170478"}],"wp:term":[{"taxonomy":"category","embeddable":true,"href":"https:\/\/www.portalminero.com\/wp\/wp-json\/wp\/v2\/categories?post=170478"},{"taxonomy":"post_tag","embeddable":true,"href":"https:\/\/www.portalminero.com\/wp\/wp-json\/wp\/v2\/tags?post=170478"}],"curies":[{"name":"wp","href":"https:\/\/api.w.org\/{rel}","templated":true}]}}