{"id":170678,"date":"2024-05-22T00:00:00","date_gmt":"2024-05-22T00:00:00","guid":{"rendered":"https:\/\/www.portalminero.com\/wp\/ejecutivas-de-candelaria-realizan-visita-protocolar-a-la-autoridad-maritima-de-caldera\/"},"modified":"2024-05-22T19:32:16","modified_gmt":"2024-05-22T19:32:16","slug":"ejecutivas-de-candelaria-realizan-visita-protocolar-a-la-autoridad-maritima-de-caldera","status":"publish","type":"post","link":"https:\/\/www.portalminero.com\/wp\/ejecutivas-de-candelaria-realizan-visita-protocolar-a-la-autoridad-maritima-de-caldera\/","title":{"rendered":"Ejecutivas de Candelaria realizan visita protocolar a la autoridad mar\u00edtima de Caldera"},"content":{"rendered":"<h6><b>Chile<\/b><\/h6>\n<p><strong>En la reuni\u00f3n se abordaron temas de inter\u00e9s mutuo para ambas entidades.<\/strong><\/p>\n<p><img class=\"imagen-noticia\" src=\"data:image\/gif;base64,R0lGODlhAQABAIAAAAAAAP\/\/\/yH5BAEAAAAALAAAAAABAAEAAAIBRAA7\" data-src=\"https:\/\/www.portalminero.com\/wp\/wp-content\/uploads\/subidos\/notasprensa\/16293_664e46378a04a.jpg\" alt=\"Ejecutivas de Candelaria realizan visita protocolar a la autoridad mar\u00edtima de Caldera\" \/><noscript><img class=\"imagen-noticia\" src=\"https:\/\/www.portalminero.com\/wp\/wp-content\/uploads\/subidos\/notasprensa\/16293_664e46378a04a.jpg\" alt=\"Ejecutivas de Candelaria realizan visita protocolar a la autoridad mar\u00edtima de Caldera\" \/><\/noscript><\/p>\n<div class=\"texto_prensa\" align=\"justify\"><strong>mi\u00e9rcoles 22 de mayo del 2024.-<\/strong>\u00a0Una visita protocolar a la autoridad mar\u00edtima de la Armada de Chile en Caldera, realizaron la directora de Asuntos Corporativos y Relaciones Externas de Minera Candelaria, Ximena Matas, acompa\u00f1ada por Marcia Soto, subgerenta de Operaciones del Puerto y Planta Desalinizadora.<\/p>\n<p>Las ejecutivas fueron recibidas por el Gobernador Mar\u00edtimo de Caldera, Capit\u00e1n de Fragata LT Cristian Ortega; junto al Capit\u00e1n de Puerto, Capit\u00e1n de Corbeta LT, Cristian Paredes.<\/p>\n<p>En la reuni\u00f3n se abordaron temas de inter\u00e9s mutuo para ambas entidades, ocasi\u00f3n en la que adem\u00e1s las representantes de la compa\u00f1\u00eda hicieron entrega de un presente a la Armada de Chile en conmemoraci\u00f3n del mes del mar y las glorias navales.<\/p>\n<\/div>\n<hr \/>\n","protected":false},"excerpt":{"rendered":"<p>En la reuni\u00f3n se abordaron temas de inter\u00e9s mutuo para ambas entidades.<\/p>\n","protected":false},"author":26,"featured_media":170679,"comment_status":"open","ping_status":"open","sticky":false,"template":"","format":"standard","meta":[],"categories":[60],"tags":[],"_links":{"self":[{"href":"https:\/\/www.portalminero.com\/wp\/wp-json\/wp\/v2\/posts\/170678"}],"collection":[{"href":"https:\/\/www.portalminero.com\/wp\/wp-json\/wp\/v2\/posts"}],"about":[{"href":"https:\/\/www.portalminero.com\/wp\/wp-json\/wp\/v2\/types\/post"}],"author":[{"embeddable":true,"href":"https:\/\/www.portalminero.com\/wp\/wp-json\/wp\/v2\/users\/26"}],"replies":[{"embeddable":true,"href":"https:\/\/www.portalminero.com\/wp\/wp-json\/wp\/v2\/comments?post=170678"}],"version-history":[{"count":1,"href":"https:\/\/www.portalminero.com\/wp\/wp-json\/wp\/v2\/posts\/170678\/revisions"}],"predecessor-version":[{"id":170680,"href":"https:\/\/www.portalminero.com\/wp\/wp-json\/wp\/v2\/posts\/170678\/revisions\/170680"}],"wp:featuredmedia":[{"embeddable":true,"href":"https:\/\/www.portalminero.com\/wp\/wp-json\/wp\/v2\/media\/170679"}],"wp:attachment":[{"href":"https:\/\/www.portalminero.com\/wp\/wp-json\/wp\/v2\/media?parent=170678"}],"wp:term":[{"taxonomy":"category","embeddable":true,"href":"https:\/\/www.portalminero.com\/wp\/wp-json\/wp\/v2\/categories?post=170678"},{"taxonomy":"post_tag","embeddable":true,"href":"https:\/\/www.portalminero.com\/wp\/wp-json\/wp\/v2\/tags?post=170678"}],"curies":[{"name":"wp","href":"https:\/\/api.w.org\/{rel}","templated":true}]}}