{"id":170800,"date":"2024-05-23T00:00:00","date_gmt":"2024-05-23T00:00:00","guid":{"rendered":"https:\/\/www.portalminero.com\/wp\/adherentes-de-compromiso-minero-de-coquimbo-se-reunieron-para-seguir-fomentando-el-trabajo-colaborativo-de-la-red\/"},"modified":"2024-05-23T17:47:40","modified_gmt":"2024-05-23T17:47:40","slug":"adherentes-de-compromiso-minero-de-coquimbo-se-reunieron-para-seguir-fomentando-el-trabajo-colaborativo-de-la-red","status":"publish","type":"post","link":"https:\/\/www.portalminero.com\/wp\/adherentes-de-compromiso-minero-de-coquimbo-se-reunieron-para-seguir-fomentando-el-trabajo-colaborativo-de-la-red\/","title":{"rendered":"Adherentes de Compromiso Minero de Coquimbo se reunieron para seguir fomentando el trabajo colaborativo de la Red"},"content":{"rendered":"<h6><b>Chile<\/b><\/h6>\n<p><strong>A la actividad asistieron destacados representantes de la academia, de la peque\u00f1a y gran miner\u00eda en la zona y gremios, adem\u00e1s de la directora ejecutiva de la Red, Paula Arenas.<\/strong><\/p>\n<p><img class=\"imagen-noticia\" src=\"data:image\/gif;base64,R0lGODlhAQABAIAAAAAAAP\/\/\/yH5BAEAAAAALAAAAAABAAEAAAIBRAA7\" data-src=\"https:\/\/www.portalminero.com\/wp\/wp-content\/uploads\/subidos\/notasprensa\/16295_664f780921fab.jpg\" alt=\"Adherentes de Compromiso Minero de Coquimbo se reunieron para seguir fomentando el trabajo colaborativo de la Red\" \/><noscript><img class=\"imagen-noticia\" src=\"https:\/\/www.portalminero.com\/wp\/wp-content\/uploads\/subidos\/notasprensa\/16295_664f780921fab.jpg\" alt=\"Adherentes de Compromiso Minero de Coquimbo se reunieron para seguir fomentando el trabajo colaborativo de la Red\" \/><\/noscript><\/p>\n<div class=\"texto_prensa\" align=\"justify\">\n<p><strong>jueves 23 de mayo del 2024.-<\/strong> Adherentes de Compromiso Minero de la Regi\u00f3n de Coquimbo se reunieron en las instalaciones de la Universidad Central, con el objetivo de analizar el plan de trabajo anual de la Red, informar sobre los grandes hitos de los pr\u00f3ximos meses y, por sobre todo, generar un espacio de di\u00e1logo y colaboraci\u00f3n entre los distintos adherentes de la zona para seguir promoviendo una miner\u00eda cada vez m\u00e1s responsable, sostenible e inclusiva.<\/p>\n<p>Durante la actividad, a la que asistieron representantes de la Universidad Central de Coquimbo, Inacap Coquimbo, AIEP Coquimbo, Corporaci\u00f3n Industrial para el Desarrollo Regional (Cidere), Compa\u00f1\u00eda Minera del Pac\u00edfico (CMP), Antofagasta Minerals Los Pelambres, Minera San Ger\u00f3nimo, Minera Tres Valles, entre otros, se inform\u00f3 tambi\u00e9n sobre la nueva directiva de Compromiso Minero, la que fue elegida recientemente, quedando conformada por nueve representantes de todo el ecosistema que es parte de la iniciativa.<\/p>\n<p>Paula Arenas, directora ejecutiva de Compromiso Minero, qui\u00e9n lider\u00f3 esta actividad, se\u00f1al\u00f3 que esta fue una \u201cinstancia muy enriquecedora, donde no s\u00f3lo dimos a conocer novedades sino tambi\u00e9n dialogamos en torno a distintas ideas y propuestas para seguir trabajando desde la regi\u00f3n de Coquimbo. Este encuentro reafirma nuestro compromiso de trabajar colaborativamente en las regiones y generar espacios que agreguen valor no solo a la red de adherentes, sino tambi\u00e9n al pa\u00eds. Siempre bajo el objetivo de promover una miner\u00eda innovadora, inclusiva y responsable con su entorno social y ambiental\u201d.<\/p>\n<p>En la instancia, Cristi\u00e1n S\u00e1nchez, director carrera Ingenier\u00eda en Minas de la Universidad Central de Coquimbo sostuvo que \u201cnos pone muy contentos haber sido anfitriones del evento, y congregar a las empresas y centros de educaci\u00f3n vinculados a la miner\u00eda de la regi\u00f3n, para que podamos trabajar por el desarrollo del sector. Hace ya dos a\u00f1os que somos parte de Compromiso Minero, la que nos ha ayudado a desarrollar una serie de actividades acad\u00e9micas, recreativas y de capacitaci\u00f3n sobre innovaci\u00f3n y miner\u00eda responsable. Estamos convencidos de que el \u00e9xito de nuestra red no se medir\u00e1 solamente por los logros individuales de las empresas, instituciones y universidades que la componen, sino por el impacto colectivo que generemos\u201d.<\/p>\n<p>Por su parte, Ricardo Guerrero, gerente de Cidere Coquimbo, remarc\u00f3 que \u201cCompromiso Minero desempe\u00f1a un papel fundamental en la regi\u00f3n al colaborar activamente con el ecosistema minero. A trav\u00e9s de la difusi\u00f3n de informaci\u00f3n y la generaci\u00f3n de iniciativas, este programa agrega valor tanto para los adherentes como para la comunidad en general. Las buenas pr\u00e1cticas aplicables se destacan como parte integral de esta colaboraci\u00f3n, beneficiando al ecosistema minero en su conjunto y permitiendo la sinergia entre actores claves para lograr un desarrollo sostenible\u201d.<\/p>\n<\/div>\n<hr \/>\n","protected":false},"excerpt":{"rendered":"<p>A la actividad asistieron destacados representantes de la academia, de la peque\u00f1a y gran miner\u00eda en la zona y gremios, adem\u00e1s de la directora ejecutiva de la Red, Paula Arenas.<\/p>\n","protected":false},"author":26,"featured_media":170801,"comment_status":"open","ping_status":"open","sticky":false,"template":"","format":"standard","meta":[],"categories":[60],"tags":[],"_links":{"self":[{"href":"https:\/\/www.portalminero.com\/wp\/wp-json\/wp\/v2\/posts\/170800"}],"collection":[{"href":"https:\/\/www.portalminero.com\/wp\/wp-json\/wp\/v2\/posts"}],"about":[{"href":"https:\/\/www.portalminero.com\/wp\/wp-json\/wp\/v2\/types\/post"}],"author":[{"embeddable":true,"href":"https:\/\/www.portalminero.com\/wp\/wp-json\/wp\/v2\/users\/26"}],"replies":[{"embeddable":true,"href":"https:\/\/www.portalminero.com\/wp\/wp-json\/wp\/v2\/comments?post=170800"}],"version-history":[{"count":2,"href":"https:\/\/www.portalminero.com\/wp\/wp-json\/wp\/v2\/posts\/170800\/revisions"}],"predecessor-version":[{"id":170810,"href":"https:\/\/www.portalminero.com\/wp\/wp-json\/wp\/v2\/posts\/170800\/revisions\/170810"}],"wp:featuredmedia":[{"embeddable":true,"href":"https:\/\/www.portalminero.com\/wp\/wp-json\/wp\/v2\/media\/170801"}],"wp:attachment":[{"href":"https:\/\/www.portalminero.com\/wp\/wp-json\/wp\/v2\/media?parent=170800"}],"wp:term":[{"taxonomy":"category","embeddable":true,"href":"https:\/\/www.portalminero.com\/wp\/wp-json\/wp\/v2\/categories?post=170800"},{"taxonomy":"post_tag","embeddable":true,"href":"https:\/\/www.portalminero.com\/wp\/wp-json\/wp\/v2\/tags?post=170800"}],"curies":[{"name":"wp","href":"https:\/\/api.w.org\/{rel}","templated":true}]}}