{"id":170865,"date":"2024-05-24T00:00:00","date_gmt":"2024-05-24T00:00:00","guid":{"rendered":"https:\/\/www.portalminero.com\/wp\/31-jovenes-del-salar-de-atacama-recibieron-becas-de-educacion-superior\/"},"modified":"2024-05-24T03:09:54","modified_gmt":"2024-05-24T03:09:54","slug":"31-jovenes-del-salar-de-atacama-recibieron-becas-de-educacion-superior","status":"publish","type":"post","link":"https:\/\/www.portalminero.com\/wp\/31-jovenes-del-salar-de-atacama-recibieron-becas-de-educacion-superior\/","title":{"rendered":"31 j\u00f3venes del Salar de Atacama recibieron becas de educaci\u00f3n superior"},"content":{"rendered":"<h6><b>Chile<\/b><\/h6>\n<p><strong>La iniciativa es impulsada desde el 2022 a trav\u00e9s de Minera Zald\u00edvar para potenciar el desarrollo personal y promover la empleabilidad de las personas de las comunidades de Peine, Camar y Socaire.<\/strong><\/p>\n<p><img class=\"imagen-noticia\" src=\"data:image\/gif;base64,R0lGODlhAQABAIAAAAAAAP\/\/\/yH5BAEAAAAALAAAAAABAAEAAAIBRAA7\" data-src=\"https:\/\/www.portalminero.com\/wp\/wp-content\/uploads\/subidos\/notasprensa\/16298_665000f6e164b.jpg\" alt=\"31 j\u00f3venes del Salar de Atacama recibieron becas de educaci\u00f3n superior\" \/><noscript><img class=\"imagen-noticia\" src=\"https:\/\/www.portalminero.com\/wp\/wp-content\/uploads\/subidos\/notasprensa\/16298_665000f6e164b.jpg\" alt=\"31 j\u00f3venes del Salar de Atacama recibieron becas de educaci\u00f3n superior\" \/><\/noscript><\/p>\n<div class=\"texto_prensa\" align=\"justify\">\n<p><strong>viernes 24 de mayo del 2024.-<\/strong>\u00a0Con alegr\u00eda y emoci\u00f3n 31 j\u00f3venes del Salar de Atacama recibieron la Beca de Educaci\u00f3n Superior para Comunidades de Antofagasta Minerals 2024, iniciativa que tiene como misi\u00f3n potenciar el desarrollo personal y mejorar la calidad de vida de las comunidades de la zona.<\/p>\n<p>La beca abre oportunidades de acceso a la educaci\u00f3n superior a las personas de las localidades de Camar, Socaire y Peine, implement\u00e1ndose desde 2022 para contribuir a la empleabilidad y potenciar el desarrollo de capital humano en las comunidades vecinas a la operaci\u00f3n.<\/p>\n<p>La ceremonia de entrega cont\u00f3 con la participaci\u00f3n de autoridades locales y familiares de los estudiantes, adem\u00e1s de la charla motivacional de Miguel M\u00e9ndez, acad\u00e9mico de la Universidad Cat\u00f3lica, quien hizo un recorrido por contenidos para la mejora de la experiencia de aprendizaje.<\/p>\n<p><strong>Superaci\u00f3n<\/strong><\/p>\n<p>Axel Roco es oriundo de Socaire. Estudia para ser t\u00e9cnico en Ingenier\u00eda El\u00e9ctrica en la Universidad Santo Tom\u00e1s de Antofagasta, y tiene una discapacidad auditiva que marca un desaf\u00edo adicional en su proceso educativo. \u201cEstaba muy ansioso porque es muy dif\u00edcil desarrollarse r\u00e1pido en los estudios y el aprendizaje por la comunicaci\u00f3n, que requiere harto esfuerzo. Postul\u00e9 a la beca con la ayuda de mi mam\u00e1 y cuando supimos el resultado me sent\u00ed muy contento y agradecido\u201d, coment\u00f3.<\/p>\n<p>Soledad Aguilera es de Peine y estudia Fonoaudiolog\u00eda en la Universidad de Antofagasta. \u201cUna vez que obtuve la beca, la verdad es que fue un alivio porque adem\u00e1s del arancel tenemos muchos gastos de materiales, as\u00ed que es una gran ayuda\u201d, precis\u00f3.<\/p>\n<p>El programa cubre gastos acad\u00e9micos, de traslado y materiales para quienes cursan una carrera universitaria o t\u00e9cnico profesional, en modalidad presencial y on line, lo que fue destacado por el gerente general de Minera Zald\u00edvar, Leonardo Gonz\u00e1lez.<\/p>\n<p>\u201cEntrega un aporte sustancial a los j\u00f3venes que les permite estudiar en otras ciudades y regiones del pa\u00eds para formarse como profesionales y tener una mejor opci\u00f3n de empleabilidad y movilidad social. Pero adem\u00e1s reciben un acompa\u00f1amiento que va desde las tutor\u00edas acad\u00e9micas hasta el apoyo emocional, y eso es muy destacado por ellos mismos\u201d, detall\u00f3 el ejecutivo.<\/p>\n<p><strong>Apoyo integral<\/strong><\/p>\n<p>En esta versi\u00f3n, son 20 los j\u00f3venes que recibieron la beca por primera vez y 11 los renovantes de carreras tan diversas como Geolog\u00eda, Derecho, Ingenier\u00eda o Enfermer\u00eda, los que adem\u00e1s pueden acceder a tutor\u00edas y apoyo psicol\u00f3gico y vocacional a trav\u00e9s de Fundaci\u00f3n por una Carrera.<\/p>\n<p>El alcalde de San Pedro de Atacama, Justo Zuleta, valor\u00f3 el beneficio. \u201cEstamos muy agradecidos de poder ser parte en esta alianza que mejora la educaci\u00f3n y que tiene un alcance familiar, que beneficia directamente a comunidades que est\u00e1n alejadas de la capital regional, donde en general los j\u00f3venes tienen ganas de retribuir a su localidad de origen y eso es muy significativo\u201d.<\/p>\n<p>La beca Antofagasta Minerals es pilar fundamental de la Estrategia de Empleabilidad del Grupo Minero y del acuerdo firmado con la Corporaci\u00f3n Cluster Minero Regi\u00f3n de Antofagasta. Desde su implementaci\u00f3n ha transformado la vida de m\u00e1s de 400 personas y s\u00f3lo este a\u00f1o la de 100 j\u00f3venes, incluidos los 31 de las localidades del Salar de Atacama, para apalancar un futuro mejor en las comunidades de la regi\u00f3n.<\/p>\n<\/div>\n<hr \/>\n","protected":false},"excerpt":{"rendered":"<p>La iniciativa es impulsada desde el 2022 a trav\u00e9s de Minera Zald\u00edvar para potenciar el desarrollo personal y promover la empleabilidad de las personas de las comunidades de Peine, Camar y Socaire.<\/p>\n","protected":false},"author":26,"featured_media":170866,"comment_status":"open","ping_status":"open","sticky":false,"template":"","format":"standard","meta":[],"categories":[60],"tags":[],"_links":{"self":[{"href":"https:\/\/www.portalminero.com\/wp\/wp-json\/wp\/v2\/posts\/170865"}],"collection":[{"href":"https:\/\/www.portalminero.com\/wp\/wp-json\/wp\/v2\/posts"}],"about":[{"href":"https:\/\/www.portalminero.com\/wp\/wp-json\/wp\/v2\/types\/post"}],"author":[{"embeddable":true,"href":"https:\/\/www.portalminero.com\/wp\/wp-json\/wp\/v2\/users\/26"}],"replies":[{"embeddable":true,"href":"https:\/\/www.portalminero.com\/wp\/wp-json\/wp\/v2\/comments?post=170865"}],"version-history":[{"count":2,"href":"https:\/\/www.portalminero.com\/wp\/wp-json\/wp\/v2\/posts\/170865\/revisions"}],"predecessor-version":[{"id":170868,"href":"https:\/\/www.portalminero.com\/wp\/wp-json\/wp\/v2\/posts\/170865\/revisions\/170868"}],"wp:featuredmedia":[{"embeddable":true,"href":"https:\/\/www.portalminero.com\/wp\/wp-json\/wp\/v2\/media\/170866"}],"wp:attachment":[{"href":"https:\/\/www.portalminero.com\/wp\/wp-json\/wp\/v2\/media?parent=170865"}],"wp:term":[{"taxonomy":"category","embeddable":true,"href":"https:\/\/www.portalminero.com\/wp\/wp-json\/wp\/v2\/categories?post=170865"},{"taxonomy":"post_tag","embeddable":true,"href":"https:\/\/www.portalminero.com\/wp\/wp-json\/wp\/v2\/tags?post=170865"}],"curies":[{"name":"wp","href":"https:\/\/api.w.org\/{rel}","templated":true}]}}