{"id":173931,"date":"2024-07-03T00:00:00","date_gmt":"2024-07-03T00:00:00","guid":{"rendered":"https:\/\/www.portalminero.com\/wp\/analizan-necesidades-locales-para-la-energia-fotovoltaica\/"},"modified":"2024-07-03T21:36:33","modified_gmt":"2024-07-03T21:36:33","slug":"analizan-necesidades-locales-para-la-energia-fotovoltaica","status":"publish","type":"post","link":"https:\/\/www.portalminero.com\/wp\/analizan-necesidades-locales-para-la-energia-fotovoltaica\/","title":{"rendered":"Analizan necesidades locales para la energ\u00eda fotovoltaica"},"content":{"rendered":"<h6><b>Chile<\/b><\/h6>\n<p><strong>El encuentro reuni\u00f3 representantes del sector productivo, profesionales, emprendedores y empresarios.<\/strong><\/p>\n<p><img class=\"imagen-noticia\" src=\"data:image\/gif;base64,R0lGODlhAQABAIAAAAAAAP\/\/\/yH5BAEAAAAALAAAAAABAAEAAAIBRAA7\" data-src=\"https:\/\/www.portalminero.com\/wp\/wp-content\/uploads\/subidos\/notasprensa\/16468_6685c01f645d3.jpg\" alt=\"Analizan necesidades locales para la energ\u00eda fotovoltaica\" \/><noscript><img class=\"imagen-noticia\" src=\"https:\/\/www.portalminero.com\/wp\/wp-content\/uploads\/subidos\/notasprensa\/16468_6685c01f645d3.jpg\" alt=\"Analizan necesidades locales para la energ\u00eda fotovoltaica\" \/><\/noscript><\/p>\n<div class=\"texto_prensa\" align=\"justify\"><strong>mi\u00e9rcoles 03 de julio del 2024.-<\/strong>\u00a0Con la presencia del doctor J\u00e9r\u00e9mie Aim\u00e9, jefe del Laboratorio de Fotovoltaica del CEA-INES de Francia, se desarroll\u00f3 el workshop \u201cNecesidades t\u00e9cnicas en plantas fotovoltaicas para la industria local\u201d, encuentro al que asistieron representantes del sector productivo, profesionales, emprendedores y empresarios.<\/p>\n<p>En la jornada tambi\u00e9n expusieron sobre las necesidades del sector el ingeniero Rodrigo M\u00e9ndez, Head of Operations Solar BU Antofagasta de Enel GP y el doctor (c) Juan Carlos Acosta, jefe del Departamento de Operaciones y Planta Solar de AES Chile.<\/p>\n<p>El gerente tecnol\u00f3gico de Atamostec, doctor Felipe Valencia Arroyave, se refiri\u00f3 a los objetivos de esta jornada, realizada en conjunto con el Centro de Desarrollo Energ\u00e9tico de Antofagasta, CDEA y el Cl\u00faster de Energ\u00eda.<\/p>\n<p>\u201cJunto con analizar las necesidades, vimos la complementaci\u00f3n entre diversos actores p\u00fablicos y privados. Los grandes desaf\u00edos que observamos se relacionan con el tema clim\u00e1tico en la zona norte, las necesidades de almacenamiento y las capacidades formativas en \u00e1reas como la electr\u00f3nica de potencia, entre otras\u201d, explic\u00f3 el doctor Valencia.<\/p>\n<p>Por su parte, el doctor (c) Juan Carlos Acosta, jefe del Departamento de Operaciones y Planta Solar de AES Chile, junto con valorar el encuentro, destac\u00f3 la posibilidad de conocer a los proveedores locales y sus necesidades, y tambi\u00e9n, presentar las necesidades futuras que pueda tener esta empresa.<\/p>\n<p>\u201cUno de los desaf\u00edos es fortalecer el capital humano en \u00e1reas como el almacenamiento y la energ\u00eda solar fotovoltaica, para eso, es necesario impulsar m\u00e1s la electr\u00f3nica de potencia. En ese sentido, se destaca el acuerdo que tenemos desde 2016 con el Centro de Desarrollo Energ\u00e9tico\u201d, sostuvo el ejecutivo.<\/p>\n<p>Durante la jornada, los asistentes tambi\u00e9n visitaron los diferentes laboratorios del CDEA ubicados en el Campus Coloso de la Universidad de Antofagasta.<\/p><\/div>\n<hr \/>\n","protected":false},"excerpt":{"rendered":"<p>El encuentro reuni\u00f3 representantes del sector productivo, profesionales, emprendedores y empresarios.<\/p>\n","protected":false},"author":26,"featured_media":173932,"comment_status":"open","ping_status":"open","sticky":false,"template":"","format":"standard","meta":[],"categories":[60],"tags":[],"_links":{"self":[{"href":"https:\/\/www.portalminero.com\/wp\/wp-json\/wp\/v2\/posts\/173931"}],"collection":[{"href":"https:\/\/www.portalminero.com\/wp\/wp-json\/wp\/v2\/posts"}],"about":[{"href":"https:\/\/www.portalminero.com\/wp\/wp-json\/wp\/v2\/types\/post"}],"author":[{"embeddable":true,"href":"https:\/\/www.portalminero.com\/wp\/wp-json\/wp\/v2\/users\/26"}],"replies":[{"embeddable":true,"href":"https:\/\/www.portalminero.com\/wp\/wp-json\/wp\/v2\/comments?post=173931"}],"version-history":[{"count":1,"href":"https:\/\/www.portalminero.com\/wp\/wp-json\/wp\/v2\/posts\/173931\/revisions"}],"predecessor-version":[{"id":173933,"href":"https:\/\/www.portalminero.com\/wp\/wp-json\/wp\/v2\/posts\/173931\/revisions\/173933"}],"wp:featuredmedia":[{"embeddable":true,"href":"https:\/\/www.portalminero.com\/wp\/wp-json\/wp\/v2\/media\/173932"}],"wp:attachment":[{"href":"https:\/\/www.portalminero.com\/wp\/wp-json\/wp\/v2\/media?parent=173931"}],"wp:term":[{"taxonomy":"category","embeddable":true,"href":"https:\/\/www.portalminero.com\/wp\/wp-json\/wp\/v2\/categories?post=173931"},{"taxonomy":"post_tag","embeddable":true,"href":"https:\/\/www.portalminero.com\/wp\/wp-json\/wp\/v2\/tags?post=173931"}],"curies":[{"name":"wp","href":"https:\/\/api.w.org\/{rel}","templated":true}]}}