{"id":174037,"date":"2024-07-04T00:00:00","date_gmt":"2024-07-04T00:00:00","guid":{"rendered":"https:\/\/www.portalminero.com\/wp\/gerente-general-de-myma-spa-es-elegido-como-nuevo-integrante-del-directorio-de-la-aic\/"},"modified":"2024-07-04T18:54:24","modified_gmt":"2024-07-04T18:54:24","slug":"gerente-general-de-myma-spa-es-elegido-como-nuevo-integrante-del-directorio-de-la-aic","status":"publish","type":"post","link":"https:\/\/www.portalminero.com\/wp\/gerente-general-de-myma-spa-es-elegido-como-nuevo-integrante-del-directorio-de-la-aic\/","title":{"rendered":"Gerente General de MYMA SpA es elegido como nuevo integrante del directorio de la AIC"},"content":{"rendered":"<h6><b>Chile<\/b><\/h6>\n<p><strong>Durante la instancia, fue elegido como nuevo presidente de la AIC Juan Pablo Negroni, quien ejercer\u00e1 dicho cargo durante el periodo 2024-2026.<\/strong><\/p>\n<p><img class=\"imagen-noticia\" src=\"data:image\/gif;base64,R0lGODlhAQABAIAAAAAAAP\/\/\/yH5BAEAAAAALAAAAAABAAEAAAIBRAA7\" data-src=\"https:\/\/www.portalminero.com\/wp\/wp-content\/uploads\/subidos\/notasprensa\/16477_6686eda1176d3.jpg\" alt=\"Gerente General de MYMA SpA es elegido como nuevo integrante del directorio de la AIC\" \/><noscript><img class=\"imagen-noticia\" src=\"https:\/\/www.portalminero.com\/wp\/wp-content\/uploads\/subidos\/notasprensa\/16477_6686eda1176d3.jpg\" alt=\"Gerente General de MYMA SpA es elegido como nuevo integrante del directorio de la AIC\" \/><\/noscript><\/p>\n<div class=\"texto_prensa\" align=\"justify\"><strong>jueves 04 de julio del 2024.-<\/strong>\u00a0A fines de junio pasado la Asociaci\u00f3n de Empresas Consultoras de Ingenier\u00eda de Chile A.G. (AIC) realiz\u00f3 su asamblea anual, durante la cual, y por unanimidad, fue elegido como nuevo integrante del directorio de dicha entidad gremial Carlos Barrera Sep\u00falveda, actual gerente general de la consultora ambiental Miner\u00eda y Medio Ambiente SpA (MYMA).<\/p>\n<p>En la oportunidad, el directorio de la AIC fue renovado en forma parcial, siendo tambi\u00e9n elegidos, como nuevos directores Marcelo Andreani (EDIC), Alfonso Vial (GAC), Katya Brice\u00f1o (APSA) y Tom\u00e1s Galassi (R&amp;Q).<\/p>\n<p>Cabe destacar que durante la instancia, tambi\u00e9n fue elegido como nuevo presidente de la AIC Juan Pablo Negroni, quien ejercer\u00e1 dicho cargo durante el periodo 2024-2026.<\/p>\n<\/div>\n<hr \/>\n","protected":false},"excerpt":{"rendered":"<p>Durante la instancia, fue elegido como nuevo presidente de la AIC Juan Pablo Negroni, quien ejercer\u00e1 dicho cargo durante el periodo 2024-2026.<\/p>\n","protected":false},"author":26,"featured_media":174038,"comment_status":"open","ping_status":"open","sticky":false,"template":"","format":"standard","meta":[],"categories":[60],"tags":[],"_links":{"self":[{"href":"https:\/\/www.portalminero.com\/wp\/wp-json\/wp\/v2\/posts\/174037"}],"collection":[{"href":"https:\/\/www.portalminero.com\/wp\/wp-json\/wp\/v2\/posts"}],"about":[{"href":"https:\/\/www.portalminero.com\/wp\/wp-json\/wp\/v2\/types\/post"}],"author":[{"embeddable":true,"href":"https:\/\/www.portalminero.com\/wp\/wp-json\/wp\/v2\/users\/26"}],"replies":[{"embeddable":true,"href":"https:\/\/www.portalminero.com\/wp\/wp-json\/wp\/v2\/comments?post=174037"}],"version-history":[{"count":1,"href":"https:\/\/www.portalminero.com\/wp\/wp-json\/wp\/v2\/posts\/174037\/revisions"}],"predecessor-version":[{"id":174039,"href":"https:\/\/www.portalminero.com\/wp\/wp-json\/wp\/v2\/posts\/174037\/revisions\/174039"}],"wp:featuredmedia":[{"embeddable":true,"href":"https:\/\/www.portalminero.com\/wp\/wp-json\/wp\/v2\/media\/174038"}],"wp:attachment":[{"href":"https:\/\/www.portalminero.com\/wp\/wp-json\/wp\/v2\/media?parent=174037"}],"wp:term":[{"taxonomy":"category","embeddable":true,"href":"https:\/\/www.portalminero.com\/wp\/wp-json\/wp\/v2\/categories?post=174037"},{"taxonomy":"post_tag","embeddable":true,"href":"https:\/\/www.portalminero.com\/wp\/wp-json\/wp\/v2\/tags?post=174037"}],"curies":[{"name":"wp","href":"https:\/\/api.w.org\/{rel}","templated":true}]}}