{"id":174507,"date":"2024-07-11T00:00:30","date_gmt":"2024-07-11T00:00:30","guid":{"rendered":"https:\/\/www.portalminero.com\/wp\/rescatan-a-trabajador-minero-que-estuvo-casi-dos-dias-atrapado-tras-un-derrumbe-en-pampa-camarones\/"},"modified":"2024-07-12T12:11:12","modified_gmt":"2024-07-12T12:11:12","slug":"rescatan-a-trabajador-minero-que-estuvo-casi-dos-dias-atrapado-tras-un-derrumbe-en-pampa-camarones","status":"publish","type":"post","link":"https:\/\/www.portalminero.com\/wp\/rescatan-a-trabajador-minero-que-estuvo-casi-dos-dias-atrapado-tras-un-derrumbe-en-pampa-camarones\/","title":{"rendered":"Rescatan a trabajador minero que estuvo casi dos d\u00edas atrapado tras un derrumbe en Pampa Camarones"},"content":{"rendered":"<h6><em>Chile<\/em><\/h6>\n<p><b>\u201cLa investigaci\u00f3n continuar\u00e1 su curso para determinar las causas que provocaron este accidente\u201d, destacaron desde Sernageomin.<\/b><\/p>\n<p><img class=\"imagen-noticia\" src=\"data:image\/gif;base64,R0lGODlhAQABAIAAAAAAAP\/\/\/yH5BAEAAAAALAAAAAABAAEAAAIBRAA7\" data-src=\"http:\/\/pm.portalminero.com\/images\/noticias\/668fc9092b052.jpg\" alt=\"Rescatan a trabajador minero que estuvo casi dos d\u00edas atrapado tras un derrumbe en Pampa Camarones\" \/><noscript><img class=\"imagen-noticia\" src=\"http:\/\/pm.portalminero.com\/images\/noticias\/668fc9092b052.jpg\" alt=\"Rescatan a trabajador minero que estuvo casi dos d\u00edas atrapado tras un derrumbe en Pampa Camarones\" \/><\/noscript><\/p>\n<div class=\"texto_prensa\" align=\"justify\">\n<p><strong>jueves 11 de julio del 2024.-<\/strong> Durante la tarde de este mi\u00e9rcoles, se logr\u00f3 el rescate del trabajador Jos\u00e9 Miguel Espinoza Albornoz, de 43 a\u00f1os, quien qued\u00f3 atrapado al interior de la mina de cobre Pampa Camarones, ubicada en la Regi\u00f3n de Arica y Parinacota.<\/p>\n<p>En el operativo participaron autoridades, especialistas del Sernageomin, de Codelco, personal de salud y tambi\u00e9n del GOPE de Carabineros.<\/p>\n<p>Cabe recordar que poco antes de la medianoche de este lunes 8 de julio, ocurri\u00f3 un desprendimiento de material en el sector norte de la mina central ubicaba en una de las \u00e1reas de Mina Salamanqueja, de Pampa Camarones.<\/p>\n<p>Seg\u00fan comunic\u00f3 la empresa en su momento, de inmediato se activaron los protocolos de emergencia, se aisl\u00f3 el sector y se paralizaron las actividades, evacuando a las personas que trabajaban en el \u00e1rea. Tambi\u00e9n se dio aviso a la autoridad competente, e inmediatamente se activ\u00f3 la brigada de emergencia.<\/p>\n<p>Respecto al operativo, el director nacional de Sernageomin, Patricio Aguilera, destac\u00f3 que \u201cprimero que todo, agradecer a todos los profesionales, t\u00e9cnicos, funcionarios de las diferentes organizaciones que participaron en este rescate y que hoy permitieron desarrollar un rescate exitoso y volver a reencontrarnos con Jos\u00e9\u201d.<\/p>\n<p>Agreg\u00f3 que es \u201cimportante destacar el trabajo que desarrollamos como Sernageomin, ya que apenas se recibi\u00f3 la notificaci\u00f3n del accidente, un equipo de profesionales del servicio, liderado por el jefe de fiscalizaci\u00f3n regional, se dirigi\u00f3 a la mina para comenzar la investigaci\u00f3n pertinente y coordinar las acciones con el fin, en primer lugar, de rescatar al trabajador\u201d.<\/p>\n<p>Asimismo, Aguilera asegur\u00f3 que \u201ctambi\u00e9n nos sumamos a la labor de Sernageomin, un ge\u00f3logo y el director regional, adem\u00e1s que se activaron los protocolos internos y con otras organizaciones donde estuvimos en permanentes reuniones de emergencia (COE) donde diferentes profesionales de la subdirecci\u00f3n nacional de miner\u00eda trabajaron para que este rescate fuera posible\u201d.<\/p>\n<p>Por otro lado, tambi\u00e9n resalt\u00f3 que \u201cla investigaci\u00f3n continuar\u00e1 su curso para determinar las causas que provocaron este accidente\u201d.<\/p>\n<p>Por \u00faltimo, felicit\u00f3 a todo el equipo humano que participaron en el operativo: \u201cquiero destacar a todas y todos quienes quienes han colaborado con este rescate, particularmente al equipo de Codelco, del GOPE de Carabineros y los trabajadores de Pampa Camarones\u201d, precis\u00f3 el director de Sernageomin.<\/p>\n<\/div>\n<hr \/>\n","protected":false},"excerpt":{"rendered":"<p><span class='published'>Chile | 2024-07-11<\/span><\/p>\n<p>\u201cLa investigaci\u00f3n continuar\u00e1 su curso para determinar las causas que provocaron este accidente\u201d, destacaron desde Sernageomin.<\/p>\n","protected":false},"author":26,"featured_media":174508,"comment_status":"open","ping_status":"open","sticky":false,"template":"","format":"standard","meta":[],"categories":[12],"tags":[],"_links":{"self":[{"href":"https:\/\/www.portalminero.com\/wp\/wp-json\/wp\/v2\/posts\/174507"}],"collection":[{"href":"https:\/\/www.portalminero.com\/wp\/wp-json\/wp\/v2\/posts"}],"about":[{"href":"https:\/\/www.portalminero.com\/wp\/wp-json\/wp\/v2\/types\/post"}],"author":[{"embeddable":true,"href":"https:\/\/www.portalminero.com\/wp\/wp-json\/wp\/v2\/users\/26"}],"replies":[{"embeddable":true,"href":"https:\/\/www.portalminero.com\/wp\/wp-json\/wp\/v2\/comments?post=174507"}],"version-history":[{"count":3,"href":"https:\/\/www.portalminero.com\/wp\/wp-json\/wp\/v2\/posts\/174507\/revisions"}],"predecessor-version":[{"id":174513,"href":"https:\/\/www.portalminero.com\/wp\/wp-json\/wp\/v2\/posts\/174507\/revisions\/174513"}],"wp:featuredmedia":[{"embeddable":true,"href":"https:\/\/www.portalminero.com\/wp\/wp-json\/wp\/v2\/media\/174508"}],"wp:attachment":[{"href":"https:\/\/www.portalminero.com\/wp\/wp-json\/wp\/v2\/media?parent=174507"}],"wp:term":[{"taxonomy":"category","embeddable":true,"href":"https:\/\/www.portalminero.com\/wp\/wp-json\/wp\/v2\/categories?post=174507"},{"taxonomy":"post_tag","embeddable":true,"href":"https:\/\/www.portalminero.com\/wp\/wp-json\/wp\/v2\/tags?post=174507"}],"curies":[{"name":"wp","href":"https:\/\/api.w.org\/{rel}","templated":true}]}}