{"id":175344,"date":"2024-07-24T00:00:00","date_gmt":"2024-07-24T00:00:00","guid":{"rendered":"https:\/\/www.portalminero.com\/wp\/importante-empresa-minera-licita-servicio-de-transporte-de-personal-en-faenas-de-la-region-de-atacama\/"},"modified":"2024-07-24T18:36:07","modified_gmt":"2024-07-24T18:36:07","slug":"importante-empresa-minera-licita-servicio-de-transporte-de-personal-en-faenas-de-la-region-de-atacama","status":"publish","type":"post","link":"https:\/\/www.portalminero.com\/wp\/importante-empresa-minera-licita-servicio-de-transporte-de-personal-en-faenas-de-la-region-de-atacama\/","title":{"rendered":"Importante empresa minera licita servicio de transporte de personal en faenas de la Regi\u00f3n de Atacama"},"content":{"rendered":"<h6><b>Chile<\/b><\/h6>\n<p><strong>Cabe destacar que el servicio tendr\u00e1 una vigencia de 36 meses.<\/strong><\/p>\n<p><img class=\"imagen-noticia\" src=\"data:image\/gif;base64,R0lGODlhAQABAIAAAAAAAP\/\/\/yH5BAEAAAAALAAAAAABAAEAAAIBRAA7\" data-src=\"https:\/\/www.portalminero.com\/wp\/wp-content\/uploads\/subidos\/notasprensa\/16551_66a13e33b88f2.jpg\" alt=\"Importante empresa minera licita servicio de transporte de personal en faenas de la Regi\u00f3n de Atacama\" \/><noscript><img class=\"imagen-noticia\" src=\"https:\/\/www.portalminero.com\/wp\/wp-content\/uploads\/subidos\/notasprensa\/16551_66a13e33b88f2.jpg\" alt=\"Importante empresa minera licita servicio de transporte de personal en faenas de la Regi\u00f3n de Atacama\" \/><\/noscript><\/p>\n<div class=\"texto_prensa\" align=\"justify\">\n<p><strong>mi\u00e9rcoles 24 de julio del 2024.-<\/strong> La Empresa Nacional de Miner\u00eda (Enami) invita a participar en la presente licitaci\u00f3n a todas aquellas compa\u00f1\u00edas contratistas que pueden desarrollar el servicio de transporte de personal, en la Regi\u00f3n de Atacama.<\/p>\n<p>De acuerdo a lo informado por la empresa, el objetivo del servicio consiste en el transporte de personal desde Cha\u00f1aral hasta Planta Osvaldo Mart\u00ednez Carvajal y viceversa, adem\u00e1s de viajes especiales.<\/p>\n<p>En esta oportunidad, podr\u00e1n participar las compa\u00f1\u00edas inscritas en los registros de contratistas de Enami, o aquellas que a\u00fan no est\u00e9n registradas pueden hacerlo en la p\u00e1gina web de la empresa estatal.<\/p>\n<p>Respecto a los plazos, habr\u00e1 una visita a terreno obligatoria el 7 de agosto, a las 10.00 horas. En tanto, el periodo de consultas ser\u00e1 hasta el pr\u00f3ximo 9 de agosto.<\/p>\n<p>Cabe destacar que el servicio tendr\u00e1 una vigencia de 36 meses.<\/p>\n<p>Para m\u00e1s informaci\u00f3n en el siguiente <a href=\"https:\/\/www.portalminero.com\/pages\/viewpage.action?pageId=214565712\">link<\/a>.<\/p>\n<\/div>\n<hr \/>\n","protected":false},"excerpt":{"rendered":"<p>Cabe destacar que el servicio tendr\u00e1 una vigencia de 36 meses.<\/p>\n","protected":false},"author":26,"featured_media":175345,"comment_status":"open","ping_status":"open","sticky":false,"template":"","format":"standard","meta":[],"categories":[60],"tags":[],"_links":{"self":[{"href":"https:\/\/www.portalminero.com\/wp\/wp-json\/wp\/v2\/posts\/175344"}],"collection":[{"href":"https:\/\/www.portalminero.com\/wp\/wp-json\/wp\/v2\/posts"}],"about":[{"href":"https:\/\/www.portalminero.com\/wp\/wp-json\/wp\/v2\/types\/post"}],"author":[{"embeddable":true,"href":"https:\/\/www.portalminero.com\/wp\/wp-json\/wp\/v2\/users\/26"}],"replies":[{"embeddable":true,"href":"https:\/\/www.portalminero.com\/wp\/wp-json\/wp\/v2\/comments?post=175344"}],"version-history":[{"count":2,"href":"https:\/\/www.portalminero.com\/wp\/wp-json\/wp\/v2\/posts\/175344\/revisions"}],"predecessor-version":[{"id":175348,"href":"https:\/\/www.portalminero.com\/wp\/wp-json\/wp\/v2\/posts\/175344\/revisions\/175348"}],"wp:featuredmedia":[{"embeddable":true,"href":"https:\/\/www.portalminero.com\/wp\/wp-json\/wp\/v2\/media\/175345"}],"wp:attachment":[{"href":"https:\/\/www.portalminero.com\/wp\/wp-json\/wp\/v2\/media?parent=175344"}],"wp:term":[{"taxonomy":"category","embeddable":true,"href":"https:\/\/www.portalminero.com\/wp\/wp-json\/wp\/v2\/categories?post=175344"},{"taxonomy":"post_tag","embeddable":true,"href":"https:\/\/www.portalminero.com\/wp\/wp-json\/wp\/v2\/tags?post=175344"}],"curies":[{"name":"wp","href":"https:\/\/api.w.org\/{rel}","templated":true}]}}