{"id":176466,"date":"2024-08-09T00:00:00","date_gmt":"2024-08-09T00:00:00","guid":{"rendered":"https:\/\/www.portalminero.com\/wp\/fexmin-saluda-a-los-mineros-de-chile-en-el-dia-de-san-lorenzo\/"},"modified":"2024-08-09T18:57:37","modified_gmt":"2024-08-09T18:57:37","slug":"fexmin-saluda-a-los-mineros-de-chile-en-el-dia-de-san-lorenzo","status":"publish","type":"post","link":"https:\/\/www.portalminero.com\/wp\/fexmin-saluda-a-los-mineros-de-chile-en-el-dia-de-san-lorenzo\/","title":{"rendered":"Fexmin saluda a los mineros de Chile en el D\u00eda de San Lorenzo"},"content":{"rendered":"<h6><b>Chile<\/b><\/h6>\n<p><strong>\u201cComo parte de la miner\u00eda del pa\u00eds enviamos un gran saludo a todos quienes cumplen diversas labores en este importante sector productivo\u201d, se\u00f1al\u00f3 Patricia Narv\u00e1ez, presidenta del Comit\u00e9 Organizador de la Feria de Exploraciones y Minas<\/strong><\/p>\n<p><img class=\"imagen-noticia\" src=\"data:image\/gif;base64,R0lGODlhAQABAIAAAAAAAP\/\/\/yH5BAEAAAAALAAAAAABAAEAAAIBRAA7\" data-src=\"https:\/\/www.portalminero.com\/wp\/wp-content\/uploads\/subidos\/notasprensa\/16620_66b65770c0290.jpg\" alt=\"Fexmin saluda a los mineros de Chile en el D\u00eda de San Lorenzo\" \/><noscript><img class=\"imagen-noticia\" src=\"https:\/\/www.portalminero.com\/wp\/wp-content\/uploads\/subidos\/notasprensa\/16620_66b65770c0290.jpg\" alt=\"Fexmin saluda a los mineros de Chile en el D\u00eda de San Lorenzo\" \/><\/noscript><\/p>\n<div class=\"texto_prensa\" align=\"justify\"><strong>viernes 09 de agosto del 2024.-<\/strong>\u00a0Desde la Feria de Exploraciones y Minas, Fexmin 2024, saludan a los mineros de Chile por celebrar su d\u00eda. \u201cComo parte de la miner\u00eda del pa\u00eds enviamos un gran saludo a todos quienes cumplen diversas labores en este importante sector productivo, en esta nueva conmemoraci\u00f3n de San Lorenzo, su patrono\u201d, se\u00f1al\u00f3 Patricia Narv\u00e1ez, presidenta del Comit\u00e9 Organizador de Fexmin.<\/p>\n<p>Agreg\u00f3 que durante agosto la miner\u00eda conmemora en sus diversas \u00e1reas. \u201cEs as\u00ed como ya es costumbre, Fexmin, reunir\u00e1 a todos los exponentes de las exploraciones, empresas exploradoras, empresas mineras, desde las grandes a los peque\u00f1os mineros y proveedores, quienes dar\u00e1n vida a un ciclo de conferencias de gran trascendencia y que desde hace unos a\u00f1os est\u00e1n traspasando las fronteras, especialmente con los diversos proyectos que se presentan.<\/p>\n<p>\u201cA todas las personas de la Miner\u00eda, desde sus diversas actividades, les enviamos un gran saludo y los instamos a seguir aportando en esta actividad que es el motor no solo del pa\u00eds, si no que de muchas otras que requieren de nuestros minerales para su desarrollo; tanto as\u00ed que las nuevas tecnolog\u00edas para enfrentar el cambio clim\u00e1tico est\u00e1n demandando cada d\u00eda m\u00e1s de ellos\u201d, se\u00f1al\u00f3 Narv\u00e1ez.<\/p>\n<p>Finalmente, la presidenta del directorio de Fexmin 2024, hizo la invitaci\u00f3n a asistir y participar de este encuentro que se realizar\u00e1 entre el 27 y 29 de agosto en Espacio Riesco. M\u00e1s informaci\u00f3n en el sitio web <a href=\"https:\/\/fexmin.cl\/\">www.fexmin.cl<\/a><\/p>\n<\/div>\n<hr \/>\n","protected":false},"excerpt":{"rendered":"<p>\u201cComo parte de la miner\u00eda del pa\u00eds enviamos un gran saludo a todos quienes cumplen diversas labores en este importante sector productivo\u201d, se\u00f1al\u00f3 Patricia Narv\u00e1ez, presidenta del Comit\u00e9 Organizador de la Feria de Exploraciones y Minas<\/p>\n","protected":false},"author":26,"featured_media":176467,"comment_status":"open","ping_status":"open","sticky":false,"template":"","format":"standard","meta":[],"categories":[60],"tags":[],"_links":{"self":[{"href":"https:\/\/www.portalminero.com\/wp\/wp-json\/wp\/v2\/posts\/176466"}],"collection":[{"href":"https:\/\/www.portalminero.com\/wp\/wp-json\/wp\/v2\/posts"}],"about":[{"href":"https:\/\/www.portalminero.com\/wp\/wp-json\/wp\/v2\/types\/post"}],"author":[{"embeddable":true,"href":"https:\/\/www.portalminero.com\/wp\/wp-json\/wp\/v2\/users\/26"}],"replies":[{"embeddable":true,"href":"https:\/\/www.portalminero.com\/wp\/wp-json\/wp\/v2\/comments?post=176466"}],"version-history":[{"count":1,"href":"https:\/\/www.portalminero.com\/wp\/wp-json\/wp\/v2\/posts\/176466\/revisions"}],"predecessor-version":[{"id":176468,"href":"https:\/\/www.portalminero.com\/wp\/wp-json\/wp\/v2\/posts\/176466\/revisions\/176468"}],"wp:featuredmedia":[{"embeddable":true,"href":"https:\/\/www.portalminero.com\/wp\/wp-json\/wp\/v2\/media\/176467"}],"wp:attachment":[{"href":"https:\/\/www.portalminero.com\/wp\/wp-json\/wp\/v2\/media?parent=176466"}],"wp:term":[{"taxonomy":"category","embeddable":true,"href":"https:\/\/www.portalminero.com\/wp\/wp-json\/wp\/v2\/categories?post=176466"},{"taxonomy":"post_tag","embeddable":true,"href":"https:\/\/www.portalminero.com\/wp\/wp-json\/wp\/v2\/tags?post=176466"}],"curies":[{"name":"wp","href":"https:\/\/api.w.org\/{rel}","templated":true}]}}