{"id":176791,"date":"2024-08-14T00:00:00","date_gmt":"2024-08-14T00:00:00","guid":{"rendered":"https:\/\/www.portalminero.com\/wp\/eminera-da-inicio-al-mes-de-la-mineria-con-seminario-enfocado-en-liderazgo-femenino-para-la-industria-minera\/"},"modified":"2024-08-14T18:44:03","modified_gmt":"2024-08-14T18:44:03","slug":"eminera-da-inicio-al-mes-de-la-mineria-con-seminario-enfocado-en-liderazgo-femenino-para-la-industria-minera","status":"publish","type":"post","link":"https:\/\/www.portalminero.com\/wp\/eminera-da-inicio-al-mes-de-la-mineria-con-seminario-enfocado-en-liderazgo-femenino-para-la-industria-minera\/","title":{"rendered":"E+MINERA da inicio al mes de la miner\u00eda con seminario enfocado en liderazgo femenino para la industria minera"},"content":{"rendered":"<h6><b>Chile<\/b><\/h6>\n<p><strong>Titulado \u00abLiderazgo Femenino y los Desaf\u00edos para Proveer a la Gran Industria Minera\u00bb, el encuentro cont\u00f3 con la participaci\u00f3n de la Ministra de Miner\u00eda Aurora Williams y el Gobernador Regional Ricardo D\u00edaz.<\/strong><\/p>\n<p><img class=\"imagen-noticia\" src=\"data:image\/gif;base64,R0lGODlhAQABAIAAAAAAAP\/\/\/yH5BAEAAAAALAAAAAABAAEAAAIBRAA7\" data-src=\"https:\/\/www.portalminero.com\/wp\/wp-content\/uploads\/subidos\/notasprensa\/16637_66bcf1721ad30.jpg\" alt=\"E+MINERA da inicio al mes de la miner\u00eda con seminario enfocado en liderazgo femenino para la industria minera\" \/><noscript><img class=\"imagen-noticia\" src=\"https:\/\/www.portalminero.com\/wp\/wp-content\/uploads\/subidos\/notasprensa\/16637_66bcf1721ad30.jpg\" alt=\"E+MINERA da inicio al mes de la miner\u00eda con seminario enfocado en liderazgo femenino para la industria minera\" \/><\/noscript><\/p>\n<div class=\"texto_prensa\" align=\"justify\">\n<p><strong>mi\u00e9rcoles 14 de agosto del 2024.-<\/strong> Con \u00e9xito se desarroll\u00f3 el primer evento abierto al p\u00fablico de la Asociaci\u00f3n E+MINERA para fortalecer la equidad de g\u00e9nero en los sectores minero y energ\u00e9tico. El seminario Liderazgo Femenino y los Desaf\u00edos para Proveer a la Gran Industria Minera, cont\u00f3 con la participaci\u00f3n de Carla Rojas, Coordinadora de Inclusi\u00f3n y G\u00e9nero del Observatorio Gesti\u00f3n de Personas de la Facultad de Econom\u00eda y Negocios de la Universidad de Chile, quien abord\u00f3 temas cruciales relacionados con la inclusi\u00f3n y el liderazgo femenino en el sector minero.<\/p>\n<p>Diversas autoridades, entre ellas la Ministra de Miner\u00eda, Aurora Williams, y el Gobernador Regional de Antofagasta, Ricardo D\u00edaz, se unieron a m\u00e1s de 100 empresarias en una jornada de di\u00e1logo y reflexi\u00f3n, para abordar los desaf\u00edos y oportunidades que enfrentan las mujeres en el sector.<\/p>\n<p>La ministra de Miner\u00eda, Aurora Williams, destac\u00f3 la relevancia del evento al se\u00f1alar: \u201cEsta actividad de E+MINERA es una de las m\u00e1s importantes porque releva el rol de mujeres empresarias. Queremos reconocer su esfuerzo por asociarse y buscar colaboraci\u00f3n, especialmente en la regi\u00f3n de Antofagasta, donde se concentra la mayor producci\u00f3n de cobre y litio no solo de Chile, sino del mundo\u201d.<\/p>\n<p>Asimismo, el Gobernador Regional de Antofagasta, Ricardo D\u00edaz, hizo \u00e9nfasis en la importancia de la colaboraci\u00f3n y la innovaci\u00f3n en la regi\u00f3n, subrayando: \u201cNecesitamos en nuestra regi\u00f3n una visi\u00f3n distinta de c\u00f3mo podemos mejorar los procesos, para hacer una regi\u00f3n m\u00e1s grande, y es por eso que se hace relevante que todos puedan incidir, sobre todo en el mundo minero. Aplaudimos esta iniciativa y la vamos a estar apoyando siempre, nuestro compromiso con la mujer y nuestra regi\u00f3n va a estar siempre intacto\u201d.<\/p>\n<p>La seremi de la Mujer y -Equidad de G\u00e9nero de Antofagasta, Hanna Goldener, tambi\u00e9n estuvo presente y felicit\u00f3 a E+MINERA por el \u00e9xito del evento: \u201cQueremos felicitar a E+MINERA por el \u00e9xito que tuvo este primer seminario, donde pudimos abordar tem\u00e1ticas tan relevantes como el liderazgo femenino en la industria minera, una industria que hist\u00f3ricamente estuvo muy masculinizada, pero que hoy las mujeres est\u00e1n haciendo suyo a pasos agigantados\u201d.<\/p>\n<p>El evento incluy\u00f3 una presentaci\u00f3n de Carla Rojas, Coordinadora de Inclusi\u00f3n y G\u00e9nero del Observatorio Gesti\u00f3n de Personas de la Facultad de Econom\u00eda y Negocios de la Universidad de Chile, quien aport\u00f3 valiosas reflexiones sobre la baja participaci\u00f3n femenina en el liderazgo de las empresas proveedoras en la industria minera. \u201cActualmente solo un 8% de estas empresas son lideradas por mujeres, esta cifra tiene que cambiar. La miner\u00eda tiene grandes desaf\u00edos para los pr\u00f3ximos 50 a\u00f1os y est\u00e1 es una oportunidad para tener liderazgos femeninos en la industria y realmente lograr una transformaci\u00f3n cultural\u201d.<\/p>\n<p>Representantes del sector privado tambi\u00e9n demostraron su satisfacci\u00f3n y compromiso con el evento. Elizabeth Cameron, especialista de Asuntos Corporativos de Escondida BHP, comparti\u00f3 su entusiasmo: \u201cFue una jornada muy inspiradora y motivante. Me siento muy comprometida a impulsar y apoyar a esta nueva asociaci\u00f3n para que tenga much\u00edsimo \u00e9xito. Creo que el \u00e9xito de las l\u00edderes de esta regi\u00f3n es el \u00e9xito de todas las mujeres que hoy somos parte de la miner\u00eda\u201d.<\/p>\n<p>Pamela Garrido, presidenta de E+MINERA y una de las organizadoras del evento, destac\u00f3 la significativa convocatoria y adelant\u00f3 futuros proyectos: \u201cEs primera vez que hacemos una actividad con tan buena convocatoria. Nos acompa\u00f1\u00f3 tambi\u00e9n la ministra de Miner\u00eda y la subsecretar\u00eda de Gobierno, lo que nos da mayor empuje para seguir haciendo actividades en el futuro. En noviembre, tenemos una actividad donde esperamos hacer un llamado a nuevas socias para que se unan a la asociaci\u00f3n y as\u00ed ser cada vez m\u00e1s fuertes\u201d.<\/p>\n<\/div>\n<hr \/>\n","protected":false},"excerpt":{"rendered":"<p>Titulado \u00abLiderazgo Femenino y los Desaf\u00edos para Proveer a la Gran Industria Minera\u00bb, el encuentro cont\u00f3 con la participaci\u00f3n de la Ministra de Miner\u00eda Aurora Williams y el Gobernador Regional Ricardo D\u00edaz.<\/p>\n","protected":false},"author":26,"featured_media":176792,"comment_status":"open","ping_status":"open","sticky":false,"template":"","format":"standard","meta":[],"categories":[60],"tags":[],"_links":{"self":[{"href":"https:\/\/www.portalminero.com\/wp\/wp-json\/wp\/v2\/posts\/176791"}],"collection":[{"href":"https:\/\/www.portalminero.com\/wp\/wp-json\/wp\/v2\/posts"}],"about":[{"href":"https:\/\/www.portalminero.com\/wp\/wp-json\/wp\/v2\/types\/post"}],"author":[{"embeddable":true,"href":"https:\/\/www.portalminero.com\/wp\/wp-json\/wp\/v2\/users\/26"}],"replies":[{"embeddable":true,"href":"https:\/\/www.portalminero.com\/wp\/wp-json\/wp\/v2\/comments?post=176791"}],"version-history":[{"count":3,"href":"https:\/\/www.portalminero.com\/wp\/wp-json\/wp\/v2\/posts\/176791\/revisions"}],"predecessor-version":[{"id":176801,"href":"https:\/\/www.portalminero.com\/wp\/wp-json\/wp\/v2\/posts\/176791\/revisions\/176801"}],"wp:featuredmedia":[{"embeddable":true,"href":"https:\/\/www.portalminero.com\/wp\/wp-json\/wp\/v2\/media\/176792"}],"wp:attachment":[{"href":"https:\/\/www.portalminero.com\/wp\/wp-json\/wp\/v2\/media?parent=176791"}],"wp:term":[{"taxonomy":"category","embeddable":true,"href":"https:\/\/www.portalminero.com\/wp\/wp-json\/wp\/v2\/categories?post=176791"},{"taxonomy":"post_tag","embeddable":true,"href":"https:\/\/www.portalminero.com\/wp\/wp-json\/wp\/v2\/tags?post=176791"}],"curies":[{"name":"wp","href":"https:\/\/api.w.org\/{rel}","templated":true}]}}