{"id":176822,"date":"2024-08-16T00:00:00","date_gmt":"2024-08-16T00:00:00","guid":{"rendered":"https:\/\/www.portalminero.com\/wp\/conexion-incorpora-el-cambio-climatico-en-el-diseno-del-proyecto-kimal-lo-aguirre\/"},"modified":"2024-08-16T11:55:36","modified_gmt":"2024-08-16T11:55:36","slug":"conexion-incorpora-el-cambio-climatico-en-el-diseno-del-proyecto-kimal-lo-aguirre","status":"publish","type":"post","link":"https:\/\/www.portalminero.com\/wp\/conexion-incorpora-el-cambio-climatico-en-el-diseno-del-proyecto-kimal-lo-aguirre\/","title":{"rendered":"Conexi\u00f3n incorpora el cambio clim\u00e1tico en el dise\u00f1o del proyecto Kimal-Lo Aguirre"},"content":{"rendered":"<h6><b>Chile<\/b><\/h6>\n<p><strong>Gerente general de Conexi\u00f3n Kimal \u2013 Lo Aguirre resalt\u00f3 el trabajo que ha realizado la empresa para proponer un proyecto que pueda equilibrar factores ambientales, sociales y econ\u00f3micos.<\/strong><\/p>\n<p><img class=\"imagen-noticia\" src=\"data:image\/gif;base64,R0lGODlhAQABAIAAAAAAAP\/\/\/yH5BAEAAAAALAAAAAABAAEAAAIBRAA7\" data-src=\"https:\/\/www.portalminero.com\/wp\/wp-content\/uploads\/subidos\/notasprensa\/16638_66bf3c3628209.jpg\" alt=\"Conexi\u00f3n incorpora el cambio clim\u00e1tico en el dise\u00f1o del proyecto Kimal-Lo Aguirre\" \/><noscript><img class=\"imagen-noticia\" src=\"https:\/\/www.portalminero.com\/wp\/wp-content\/uploads\/subidos\/notasprensa\/16638_66bf3c3628209.jpg\" alt=\"Conexi\u00f3n incorpora el cambio clim\u00e1tico en el dise\u00f1o del proyecto Kimal-Lo Aguirre\" \/><\/noscript><\/p>\n<div class=\"texto_prensa\" align=\"justify\">\n<p><strong>viernes 16 de agosto del 2024.-<\/strong> En el marco del Encuentro Financiero \u201cM\u00e1s Conectados por ISA\u201d que cada a\u00f1o convoca a los principales exponentes del mundo financiero a nivel regional y que este a\u00f1o se desarroll\u00f3 en Santiago, Sebasti\u00e1n Fern\u00e1ndez, gerente general de Conexi\u00f3n Kimal-Lo Aguirre, particip\u00f3 en un panel de conversaci\u00f3n con representantes de importantes proyectos de inversi\u00f3n del grupo colombiano ISA en Chile, evento al cual tambi\u00e9n asisti\u00f3 el ministro de Hacienda, Mario Marcel.<\/p>\n<p>En su presentaci\u00f3n, Fern\u00e1ndez abord\u00f3 el trabajo que ha realizado Conexi\u00f3n Kimal-Lo Aguirre para avanzar en el proyecto de transmisi\u00f3n en corriente continua, actualmente en evaluaci\u00f3n ambiental, y destac\u00f3 la obtenci\u00f3n de cr\u00e9ditos por un total de US$ 480 millones para el financiamiento de su primera etapa.<\/p>\n<p>Esto, a trav\u00e9s de acuerdos de financiaci\u00f3n con el banco HSBC Hong Kong y con sus accionistas Transelec e ISA Inversiones Chile, para el otorgamiento de tres cr\u00e9ditos por US$160 millones, respectivamente, uno de los cuales corresponde al tipo \u201cverde\u201d o Green Label. Apunt\u00f3 que esa clasificaci\u00f3n fue respaldada por Sustainalytics, l\u00edder global en categorizaci\u00f3n de transacciones ESG (criterios ambientales, sociales y de gobernanza).<\/p>\n<p>A la vez, reforz\u00f3 fuertemente su opini\u00f3n sobre la importancia y el valor que tiene desarrollar proyectos enfocados en la sostenibilidad y el medio ambiente. \u201cEl cambio clim\u00e1tico nos invita a repensar desde un inicio c\u00f3mo hacer mejores proyectos, y es fundamental que se desarrollen pensando en c\u00f3mo contribuir con nuestro planeta\u201d, coment\u00f3, se\u00f1alando que en el caso de Kimal Lo Aguirre, \u201cestamos elaborando un proyecto que considere la infraestructura necesaria para poder enfrentar de una manera resiliente los desaf\u00edos, siempre incluyendo los lineamientos de est\u00e1ndares nacionales e internacionales, como los Principios de Escaz\u00fa y las normas de la IFC.\u201d<\/p>\n<p>Asimismo, record\u00f3 que el proyecto, el primero que se realiza en corriente continua en Chile, podr\u00e1 transportar hasta 3.000 MW de energ\u00edas renovables en forma segura y eficiente a lo largo de 1.342 km. Este paso ser\u00e1 clave para que el sistema el\u00e9ctrico sea m\u00e1s robusto y estable, y ayudar\u00e1 a reducir los altos niveles de vertimiento de energ\u00eda en el norte -que anot\u00f3 un alza de 163% en el primer semestre de este a\u00f1o respecto del mismo periodo de 2023, seg\u00fan datos del Coordinador El\u00e9ctrico Nacional- que no puede ser inyectada a los centros de consumo dada la inexistencia de nuevas l\u00edneas el\u00e9ctricas.<\/p>\n<p>La participaci\u00f3n de Conexi\u00f3n en el Encuentro Financiero \u201cM\u00e1s Conectados por ISA\u201d reafirma su relevancia dentro de los proyectos de infraestructura que ese grupo empresarial tiene en el pa\u00eds, sino que tambi\u00e9n resalta su compromiso con la innovaci\u00f3n, la sostenibilidad y la descarbonizaci\u00f3n de la matriz energ\u00e9tica de Chile.<\/p>\n<p>La idea principal del encuentro y el mensaje que todos los panelistas coincidieron en transmitir a los inversionistas es la importancia de incorporar los temas del cambio clim\u00e1tico en los procesos de inversi\u00f3n y c\u00f3mo es fundamental considerar la sostenibilidad y el cuidado de planeta a la hora de invertir en megaproyectos para un futuro mejor.<\/p>\n<\/div>\n<hr \/>\n","protected":false},"excerpt":{"rendered":"<p>Gerente general de Conexi\u00f3n Kimal \u2013 Lo Aguirre resalt\u00f3 el trabajo que ha realizado la empresa para proponer un proyecto que pueda equilibrar factores ambientales, sociales y econ\u00f3micos.<\/p>\n","protected":false},"author":26,"featured_media":176823,"comment_status":"open","ping_status":"open","sticky":false,"template":"","format":"standard","meta":[],"categories":[60],"tags":[],"_links":{"self":[{"href":"https:\/\/www.portalminero.com\/wp\/wp-json\/wp\/v2\/posts\/176822"}],"collection":[{"href":"https:\/\/www.portalminero.com\/wp\/wp-json\/wp\/v2\/posts"}],"about":[{"href":"https:\/\/www.portalminero.com\/wp\/wp-json\/wp\/v2\/types\/post"}],"author":[{"embeddable":true,"href":"https:\/\/www.portalminero.com\/wp\/wp-json\/wp\/v2\/users\/26"}],"replies":[{"embeddable":true,"href":"https:\/\/www.portalminero.com\/wp\/wp-json\/wp\/v2\/comments?post=176822"}],"version-history":[{"count":2,"href":"https:\/\/www.portalminero.com\/wp\/wp-json\/wp\/v2\/posts\/176822\/revisions"}],"predecessor-version":[{"id":176826,"href":"https:\/\/www.portalminero.com\/wp\/wp-json\/wp\/v2\/posts\/176822\/revisions\/176826"}],"wp:featuredmedia":[{"embeddable":true,"href":"https:\/\/www.portalminero.com\/wp\/wp-json\/wp\/v2\/media\/176823"}],"wp:attachment":[{"href":"https:\/\/www.portalminero.com\/wp\/wp-json\/wp\/v2\/media?parent=176822"}],"wp:term":[{"taxonomy":"category","embeddable":true,"href":"https:\/\/www.portalminero.com\/wp\/wp-json\/wp\/v2\/categories?post=176822"},{"taxonomy":"post_tag","embeddable":true,"href":"https:\/\/www.portalminero.com\/wp\/wp-json\/wp\/v2\/tags?post=176822"}],"curies":[{"name":"wp","href":"https:\/\/api.w.org\/{rel}","templated":true}]}}