{"id":177166,"date":"2024-08-22T00:00:30","date_gmt":"2024-08-22T00:00:30","guid":{"rendered":"https:\/\/www.portalminero.com\/wp\/transelec-inaugura-junto-a-autoridades-obra-de-transmision-fundamental-para-la-transicion-energetica-en-el-norte-de-chile\/"},"modified":"2024-08-23T12:27:05","modified_gmt":"2024-08-23T12:27:05","slug":"transelec-inaugura-junto-a-autoridades-obra-de-transmision-fundamental-para-la-transicion-energetica-en-el-norte-de-chile","status":"publish","type":"post","link":"https:\/\/www.portalminero.com\/wp\/transelec-inaugura-junto-a-autoridades-obra-de-transmision-fundamental-para-la-transicion-energetica-en-el-norte-de-chile\/","title":{"rendered":"Transelec inaugura junto a autoridades obra de transmisi\u00f3n fundamental para la transici\u00f3n energ\u00e9tica en el norte de Chile"},"content":{"rendered":"<h6><em>Chile<\/em><\/h6>\n<p><b>La nueva subestaci\u00f3n el\u00e9ctrica, ubicada en la Regi\u00f3n de Antofagasta, aumentar\u00e1 la capacidad del sistema de transmisi\u00f3n ya que permite una mayor conexi\u00f3n de energ\u00edas renovables al Sistema El\u00e9ctrico Nacional (SEN).<\/b><\/p>\n<p><img class=\"imagen-noticia\" src=\"data:image\/gif;base64,R0lGODlhAQABAIAAAAAAAP\/\/\/yH5BAEAAAAALAAAAAABAAEAAAIBRAA7\" data-src=\"http:\/\/pm.portalminero.com\/images\/noticias\/66c738457f723.jpg\" alt=\"Transelec inaugura junto a autoridades obra de transmisi\u00f3n fundamental para la transici\u00f3n energ\u00e9tica en el norte de Chile\" \/><noscript><img class=\"imagen-noticia\" src=\"http:\/\/pm.portalminero.com\/images\/noticias\/66c738457f723.jpg\" alt=\"Transelec inaugura junto a autoridades obra de transmisi\u00f3n fundamental para la transici\u00f3n energ\u00e9tica en el norte de Chile\" \/><\/noscript><\/p>\n<div class=\"texto_prensa\" align=\"justify\">\n<p><strong>jueves 22 de agosto del 2024.-<\/strong>\u00a0Con la presencia de autoridades nacionales y regionales, Transelec -la principal empresa de transmisi\u00f3n el\u00e9ctrica del pa\u00eds- inaugur\u00f3 oficialmente la subestaci\u00f3n Jadresic (ex Parinas), ubicada a 150 kil\u00f3metros al suroriente de Antofagasta.<\/p>\n<p>Esta infraestructura, que se encuentra operando desde diciembre de 2023, permitir\u00e1 conectar m\u00e1s energ\u00edas renovables y prevenir su p\u00e9rdida o vertimientos (que este a\u00f1o ya superan los 2.000 GWh seg\u00fan cifras del Coordinador El\u00e9ctrico), por lo que ser\u00e1 clave para avanzar en la transici\u00f3n energ\u00e9tica del pa\u00eds.<\/p>\n<p>La nueva subestaci\u00f3n destaca por ser uno de los proyectos de transmisi\u00f3n m\u00e1s grandes desarrollados en los \u00faltimos 15 a\u00f1os en el norte del pa\u00eds, emplazado en m\u00e1s de 216 mil m2, consolidando a la regi\u00f3n como un polo energ\u00e9tico verde. Actualmente ya conecta al Sistema El\u00e9ctrico Nacional (SEN) al parque e\u00f3lico Taltal y la planta fotovoltaica Lalackama, ambos de Enel; prontamente se conectar\u00e1n tambi\u00e9n los parques e\u00f3licos Lomas de Taltal (Engie) y Horizonte (Colb\u00fan) -que ser\u00e1 el m\u00e1s grande de Chile y Am\u00e9rica Latina-; y todav\u00eda tendr\u00e1 capacidad y espacio para futuras conexiones.<\/p>\n<p>Su nuevo nombre es un homenaje a Alejandro Jadresic Marinovic, destacado ingeniero civil con una larga trayectoria en el sector energ\u00eda, protagonista de las pol\u00edticas p\u00fablicas sectoriales de las \u00faltimas d\u00e9cadas, exministro de Energ\u00eda y miembro del Directorio de Transelec por 10 a\u00f1os.<\/p>\n<p>El ministro de Energ\u00eda, Diego Pardow, subray\u00f3 que \u201cla llegada de nueva infraestructura el\u00e9ctrica siempre es una buena noticia para el pa\u00eds. Las nuevas obras de transmisi\u00f3n no tienen que ver solo con fierros o cables, sino que son capaces de transformar la vida de las personas\u201d.<\/p>\n<p>El secretario de Estado agreg\u00f3 que \u201cla Regi\u00f3n de Antofagasta actualmente es un polo de desarrollo de las energ\u00edas limpias, generando una mayor complejidad econ\u00f3mica en la regi\u00f3n. La energ\u00eda, al igual que la miner\u00eda, est\u00e1n atrayendo m\u00e1s inversi\u00f3n y mejores empleos para sus habitantes y este proyecto es el mejor ejemplo de aquello\u201d.<\/p>\n<p>Arturo Le Blanc, gerente general de Transelec, destac\u00f3 que la nueva subestaci\u00f3n \u201ces la representaci\u00f3n f\u00edsica de la descarbonizaci\u00f3n\u201d y agreg\u00f3 que \u201cpermite inyectar grandes cantidades de energ\u00eda renovable que se generan en esta zona del pa\u00eds, al sistema el\u00e9ctrico nacional. Lo hemos dicho antes: la transmisi\u00f3n est\u00e1 al servicio de la descarbonizaci\u00f3n que es una meta pa\u00eds y nos enorgullece poder transmitir esta energ\u00eda renovable a todo Chile, adem\u00e1s de cubrir mejor la demanda energ\u00e9tica de la zona para el consumo domiciliario, minero e industrial del sector\u201d.<\/p>\n<p>Respecto del nuevo nombre de la subestaci\u00f3n y su homenaje a Alejandro Jadresic Marinovic, el ejecutivo sostuvo que, de esta forma, \u201crecordaremos para siempre su aporte dedicado al pa\u00eds y a Transelec\u201d.<\/p>\n<p><strong>Detalle de las nuevas obras<\/strong><\/p>\n<p>La nueva subestaci\u00f3n Jadresic secciona la l\u00ednea Los Changos &#8211; Cumbres de 500 kV que concret\u00f3 la interconexi\u00f3n SIC &#8211; SING hace ya siete a\u00f1os, aumentando con ello la capacidad del sistema de transmisi\u00f3n.<\/p>\n<p>Junto con la subestaci\u00f3n Jadresic, Transelec est\u00e1 en etapa de obras civiles del proyecto nueval\u00ednea 2&#215;500 kV Jadresic (ex Parinas) &#8211; Monte Mina. Este consiste en la construcci\u00f3n de la l\u00ednea de transmisi\u00f3n y nueva subestaci\u00f3n Monte Mina de 220 kV, ubicada a 180 km de la ciudad de Antofagasta. Se espera un peak de 900 personas trabajando en ella y signific\u00f3 una inversi\u00f3n referencial de US $105,6 millones.<\/p>\n<\/div>\n<hr \/>\n","protected":false},"excerpt":{"rendered":"<p><span class='published'>Chile | 2024-08-22<\/span><\/p>\n<p>La nueva subestaci\u00f3n el\u00e9ctrica, ubicada en la Regi\u00f3n de Antofagasta, aumentar\u00e1 la capacidad del sistema de transmisi\u00f3n ya que permite una mayor conexi\u00f3n de energ\u00edas renovables al Sistema El\u00e9ctrico Nacional (SEN).<\/p>\n","protected":false},"author":26,"featured_media":177167,"comment_status":"open","ping_status":"open","sticky":false,"template":"","format":"standard","meta":[],"categories":[12],"tags":[],"_links":{"self":[{"href":"https:\/\/www.portalminero.com\/wp\/wp-json\/wp\/v2\/posts\/177166"}],"collection":[{"href":"https:\/\/www.portalminero.com\/wp\/wp-json\/wp\/v2\/posts"}],"about":[{"href":"https:\/\/www.portalminero.com\/wp\/wp-json\/wp\/v2\/types\/post"}],"author":[{"embeddable":true,"href":"https:\/\/www.portalminero.com\/wp\/wp-json\/wp\/v2\/users\/26"}],"replies":[{"embeddable":true,"href":"https:\/\/www.portalminero.com\/wp\/wp-json\/wp\/v2\/comments?post=177166"}],"version-history":[{"count":2,"href":"https:\/\/www.portalminero.com\/wp\/wp-json\/wp\/v2\/posts\/177166\/revisions"}],"predecessor-version":[{"id":177291,"href":"https:\/\/www.portalminero.com\/wp\/wp-json\/wp\/v2\/posts\/177166\/revisions\/177291"}],"wp:featuredmedia":[{"embeddable":true,"href":"https:\/\/www.portalminero.com\/wp\/wp-json\/wp\/v2\/media\/177167"}],"wp:attachment":[{"href":"https:\/\/www.portalminero.com\/wp\/wp-json\/wp\/v2\/media?parent=177166"}],"wp:term":[{"taxonomy":"category","embeddable":true,"href":"https:\/\/www.portalminero.com\/wp\/wp-json\/wp\/v2\/categories?post=177166"},{"taxonomy":"post_tag","embeddable":true,"href":"https:\/\/www.portalminero.com\/wp\/wp-json\/wp\/v2\/tags?post=177166"}],"curies":[{"name":"wp","href":"https:\/\/api.w.org\/{rel}","templated":true}]}}