{"id":179815,"date":"2024-10-07T00:00:00","date_gmt":"2024-10-07T00:00:00","guid":{"rendered":"https:\/\/www.portalminero.com\/wp\/ceim-tarapaca-aporto-a-la-formacion-de-capital-humano-con-mas-de-2000-trabajadores-capacitados-en-2024\/"},"modified":"2024-10-07T16:25:02","modified_gmt":"2024-10-07T16:25:02","slug":"ceim-tarapaca-aporto-a-la-formacion-de-capital-humano-con-mas-de-2000-trabajadores-capacitados-en-2024","status":"publish","type":"post","link":"https:\/\/www.portalminero.com\/wp\/ceim-tarapaca-aporto-a-la-formacion-de-capital-humano-con-mas-de-2000-trabajadores-capacitados-en-2024\/","title":{"rendered":"CEIM Tarapac\u00e1 aport\u00f3 a la formaci\u00f3n de capital humano con m\u00e1s de 2000 Trabajadores Capacitados en 2024"},"content":{"rendered":"<h6><b>Chile<\/b><\/h6>\n<p><strong>Tarapac\u00e1 consolida su rol como l\u00edder en la formaci\u00f3n minera, destacando la innovaci\u00f3n tecnol\u00f3gica y la inclusi\u00f3n femenina en la industria, seg\u00fan Abd\u00f3n Ram\u00edrez, director de CEIM Iquique.<\/strong><\/p>\n<p><img class=\"imagen-noticia\" src=\"data:image\/gif;base64,R0lGODlhAQABAIAAAAAAAP\/\/\/yH5BAEAAAAALAAAAAABAAEAAAIBRAA7\" data-src=\"https:\/\/www.portalminero.com\/wp\/wp-content\/uploads\/subidos\/notasprensa\/16827_670405ba79332.JPG\" alt=\"CEIM Tarapac\u00e1 aport\u00f3 a la formaci\u00f3n de capital humano con m\u00e1s de 2000 Trabajadores Capacitados en 2024\" \/><noscript><img class=\"imagen-noticia\" src=\"https:\/\/www.portalminero.com\/wp\/wp-content\/uploads\/subidos\/notasprensa\/16827_670405ba79332.JPG\" alt=\"CEIM Tarapac\u00e1 aport\u00f3 a la formaci\u00f3n de capital humano con m\u00e1s de 2000 Trabajadores Capacitados en 2024\" \/><\/noscript><\/p>\n<div class=\"texto_prensa\" align=\"justify\">\n<p><strong>lunes 07 de octubre del 2024.-<\/strong>\u00a0En lo que va del presente a\u00f1o, m\u00e1s de 2000 personas han sido capacitadas en la regi\u00f3n de Tarapac\u00e1 en el Centro de Entrenamiento Tecnol\u00f3gico y Minero, CEIM.<\/p>\n<p>As\u00ed lo se\u00f1al\u00f3 Abd\u00f3n Ram\u00edrez, director del CEIM Iquique, quien destac\u00f3 que esta cifra representa un hito en la formaci\u00f3n de capital humano para la industria minera local.<\/p>\n<p>\u201cEstamos enfocados en preparar a los trabajadores para enfrentar los cambios tecnol\u00f3gicos que est\u00e1n transformando la miner\u00eda, como la automatizaci\u00f3n, la electromovilidad y la seguridad operativa\u201d, afirm\u00f3 Ram\u00edrez. El director destac\u00f3 que estos esfuerzos no solo responden a las necesidades actuales del sector, sino que tambi\u00e9n buscan anticiparse a las demandas del futuro, como el uso de hidr\u00f3geno verde en la miner\u00eda.<\/p>\n<p>Un aspecto clave de este proceso de formaci\u00f3n ha sido el avance en la inclusi\u00f3n femenina. Seg\u00fan Ram\u00edrez, el CEIM a nivel nacional suma 33.000 personas entrenadas, equivalentes a m\u00e1s de 100.000 horas de capacitaci\u00f3n, de ellas 4.600 son mujeres.<\/p>\n<p>\u201cHemos puesto especial \u00e9nfasis en generar oportunidades para mujeres en la miner\u00eda, lo que ha permitido una mayor integraci\u00f3n en un sector tradicionalmente dominado por hombres\u201d, se\u00f1al\u00f3.<\/p>\n<p>El entrenamiento incluye programas que abordan el manejo de equipos aut\u00f3nomos y la adaptaci\u00f3n a nuevas tecnolog\u00edas, permitiendo a las empresas mineras estar a la vanguardia de la innovaci\u00f3n. Esto ha sido posible gracias a los cursos impartidos en formato e-learning, lo que ha facilitado el acceso a una capacitaci\u00f3n de alta calidad en la regi\u00f3n.<\/p>\n<p><strong>Desarrollo Regional<\/strong><\/p>\n<p>Ram\u00edrez tambi\u00e9n destac\u00f3. \u201cNuestro objetivo es asegurar que a\u00f1o a a\u00f1o se fortalezca el capital humano local, preparando a los trabajadores para los desaf\u00edos tecnol\u00f3gicos y culturales que enfrenta la miner\u00eda\u201d, agreg\u00f3.<\/p>\n<p>La formaci\u00f3n impartida en Tarapac\u00e1 no solo busca mejorar la eficiencia operativa en la miner\u00eda, sino que tambi\u00e9n juega un papel clave en el desarrollo econ\u00f3mico y social de la regi\u00f3n. Al consolidarse como un polo de formaci\u00f3n minera, Tarapac\u00e1 est\u00e1 contribuyendo al futuro de la industria en Chile.<\/p>\n<\/div>\n<hr \/>\n","protected":false},"excerpt":{"rendered":"<p>Tarapac\u00e1 consolida su rol como l\u00edder en la formaci\u00f3n minera, destacando la innovaci\u00f3n tecnol\u00f3gica y la inclusi\u00f3n femenina en la industria, seg\u00fan Abd\u00f3n Ram\u00edrez, director de CEIM Iquique.<\/p>\n","protected":false},"author":26,"featured_media":179816,"comment_status":"open","ping_status":"open","sticky":false,"template":"","format":"standard","meta":[],"categories":[60],"tags":[],"_links":{"self":[{"href":"https:\/\/www.portalminero.com\/wp\/wp-json\/wp\/v2\/posts\/179815"}],"collection":[{"href":"https:\/\/www.portalminero.com\/wp\/wp-json\/wp\/v2\/posts"}],"about":[{"href":"https:\/\/www.portalminero.com\/wp\/wp-json\/wp\/v2\/types\/post"}],"author":[{"embeddable":true,"href":"https:\/\/www.portalminero.com\/wp\/wp-json\/wp\/v2\/users\/26"}],"replies":[{"embeddable":true,"href":"https:\/\/www.portalminero.com\/wp\/wp-json\/wp\/v2\/comments?post=179815"}],"version-history":[{"count":2,"href":"https:\/\/www.portalminero.com\/wp\/wp-json\/wp\/v2\/posts\/179815\/revisions"}],"predecessor-version":[{"id":179822,"href":"https:\/\/www.portalminero.com\/wp\/wp-json\/wp\/v2\/posts\/179815\/revisions\/179822"}],"wp:featuredmedia":[{"embeddable":true,"href":"https:\/\/www.portalminero.com\/wp\/wp-json\/wp\/v2\/media\/179816"}],"wp:attachment":[{"href":"https:\/\/www.portalminero.com\/wp\/wp-json\/wp\/v2\/media?parent=179815"}],"wp:term":[{"taxonomy":"category","embeddable":true,"href":"https:\/\/www.portalminero.com\/wp\/wp-json\/wp\/v2\/categories?post=179815"},{"taxonomy":"post_tag","embeddable":true,"href":"https:\/\/www.portalminero.com\/wp\/wp-json\/wp\/v2\/tags?post=179815"}],"curies":[{"name":"wp","href":"https:\/\/api.w.org\/{rel}","templated":true}]}}