{"id":182672,"date":"2024-11-22T00:00:00","date_gmt":"2024-11-22T00:00:00","guid":{"rendered":"https:\/\/www.portalminero.com\/wp\/academico-minas-usach-presento-su-segundo-libro-que-combina-divulgacion-cientifica-con-literatura\/"},"modified":"2024-11-22T12:12:30","modified_gmt":"2024-11-22T12:12:30","slug":"academico-minas-usach-presento-su-segundo-libro-que-combina-divulgacion-cientifica-con-literatura","status":"publish","type":"post","link":"https:\/\/www.portalminero.com\/wp\/academico-minas-usach-presento-su-segundo-libro-que-combina-divulgacion-cientifica-con-literatura\/","title":{"rendered":"Acad\u00e9mico Minas Usach present\u00f3 su segundo libro que combina divulgaci\u00f3n cient\u00edfica con literatura"},"content":{"rendered":"<h6><b>Chile<\/b><\/h6>\n<p><strong>\u201cTodav\u00eda de a pie (por Chile, sus Andes)\u201d, es el nombre del reciente trabajo literario del ge\u00f3logo Dr. Alejandro S\u00e1nchez Valenzuela que, mediante diversos escenarios y narrativas, describe aspectos como las ciencias de la Tierra, culturales, clim\u00e1ticos e historias locales.<\/strong><\/p>\n<p><img class=\"imagen-noticia\" src=\"data:image\/gif;base64,R0lGODlhAQABAIAAAAAAAP\/\/\/yH5BAEAAAAALAAAAAABAAEAAAIBRAA7\" data-src=\"https:\/\/www.portalminero.com\/wp\/wp-content\/uploads\/subidos\/notasprensa\/17001_6740729389a4e.JPG\" alt=\"Acad\u00e9mico Minas Usach present\u00f3 su segundo libro que combina divulgaci\u00f3n cient\u00edfica con literatura\" \/><noscript><img class=\"imagen-noticia\" src=\"https:\/\/www.portalminero.com\/wp\/wp-content\/uploads\/subidos\/notasprensa\/17001_6740729389a4e.JPG\" alt=\"Acad\u00e9mico Minas Usach present\u00f3 su segundo libro que combina divulgaci\u00f3n cient\u00edfica con literatura\" \/><\/noscript><\/p>\n<div class=\"texto_prensa\" align=\"justify\"><strong>viernes 22 de noviembre del 2024.-<\/strong>\u00a0El Dr. Alejandro S\u00e1nchez Valenzuela, ge\u00f3logo y acad\u00e9mico del Departamento de Ingenier\u00eda en Minas de la Universidad de Santiago de Chile (Dimin Usach), present\u00f3 recientemente su segundo trabajo literario que combina divulgaci\u00f3n con literatura: \u201cTodav\u00eda de a pie (por Chile, sus Andes\u201d).<\/p>\n<p>El libro, inspirado en obras de los autores \u00c9lis\u00e9e Reclus \u2014uno de los impulsores de la geograf\u00eda social\u2014 y Manuel Rojas \u2014escritor de \u201cA pie por Chile\u201d\u2014, se compone de relatos de vivencias personales, las que se distribuyen en la Cordillera de Los Andes de Chile Central, Patagonia y la Puna. Mediante una narrativa diversa, diferentes escenarios andinos son descritos no s\u00f3lo como contexto de cada historia, sino tambi\u00e9n como un retrato de aspectos geogr\u00e1ficos, culturales, clim\u00e1ticos, flora, fauna, rocas, procesos geol\u00f3gicos, historias locales, mitolog\u00eda y personajes.<\/p>\n<p>Es por lo anterior que \u201cTodav\u00eda de a pie (por Chile, sus Andes)\u201d, se presenta bajo la sentencia: \u201cNo se termina de conocer un lugar si se desconocen sus habitantes \/ Ni se termina de conocer una persona sin caminar su territorio\u201d.<\/p>\n<p>Cabe indicar que, durante su carrera, S\u00e1nchez ha cultivado la divulgaci\u00f3n de las ciencias, especialmente geolog\u00eda, mediante la participaci\u00f3n en diversos proyectos y actividades del Grupo de Educaci\u00f3n de la Sociedad Geol\u00f3gica de Chile, as\u00ed como a trav\u00e9s de la colaboraci\u00f3n en otras iniciativas como la asesor\u00eda cient\u00edfica de contenidos en \u201cCu\u00e9ntame una Geohistoria\u201d y la revisi\u00f3n de tem\u00e1ticas en la publicaci\u00f3n educativa e infogr\u00e1fica \u201cFormaci\u00f3n Geol\u00f3gica de Torres del Paine, parte II\u201d.<\/p>\n<p>Sin embargo, el inter\u00e9s del acad\u00e9mico Dimin Usach, de mezclar divulgaci\u00f3n con literatura, se consolid\u00f3 durante la pandemia, tiempo en que escribi\u00f3 \u2014bajo su seud\u00f3nimo de Sancho Recabarren\u2014 \u201cAproximaci\u00f3n po\u00e9tica a una monta\u00f1a andina\u201d, un poema acompa\u00f1ado por fotograf\u00edas para motivar el inter\u00e9s por el conocimiento, principalmente geol\u00f3gico. Este libro fue financiado por el Fondo Vime-Libros y se integr\u00f3 al cat\u00e1logo de la Editorial Usach.<\/p>\n<p>\u201cTodav\u00eda de a pie (por Chile, sus Andes)\u201d ya se encuentra a la venta, a trav\u00e9s de Mago Editores.<\/p><\/div>\n<hr \/>\n","protected":false},"excerpt":{"rendered":"<p>\u201cTodav\u00eda de a pie (por Chile, sus Andes)\u201d, es el nombre del reciente trabajo literario del ge\u00f3logo Dr. Alejandro S\u00e1nchez Valenzuela que, mediante diversos escenarios y narrativas, describe aspectos como las ciencias de la Tierra, culturales, clim\u00e1ticos e historias locales.<\/p>\n","protected":false},"author":26,"featured_media":182673,"comment_status":"open","ping_status":"open","sticky":false,"template":"","format":"standard","meta":[],"categories":[60],"tags":[],"_links":{"self":[{"href":"https:\/\/www.portalminero.com\/wp\/wp-json\/wp\/v2\/posts\/182672"}],"collection":[{"href":"https:\/\/www.portalminero.com\/wp\/wp-json\/wp\/v2\/posts"}],"about":[{"href":"https:\/\/www.portalminero.com\/wp\/wp-json\/wp\/v2\/types\/post"}],"author":[{"embeddable":true,"href":"https:\/\/www.portalminero.com\/wp\/wp-json\/wp\/v2\/users\/26"}],"replies":[{"embeddable":true,"href":"https:\/\/www.portalminero.com\/wp\/wp-json\/wp\/v2\/comments?post=182672"}],"version-history":[{"count":1,"href":"https:\/\/www.portalminero.com\/wp\/wp-json\/wp\/v2\/posts\/182672\/revisions"}],"predecessor-version":[{"id":182674,"href":"https:\/\/www.portalminero.com\/wp\/wp-json\/wp\/v2\/posts\/182672\/revisions\/182674"}],"wp:featuredmedia":[{"embeddable":true,"href":"https:\/\/www.portalminero.com\/wp\/wp-json\/wp\/v2\/media\/182673"}],"wp:attachment":[{"href":"https:\/\/www.portalminero.com\/wp\/wp-json\/wp\/v2\/media?parent=182672"}],"wp:term":[{"taxonomy":"category","embeddable":true,"href":"https:\/\/www.portalminero.com\/wp\/wp-json\/wp\/v2\/categories?post=182672"},{"taxonomy":"post_tag","embeddable":true,"href":"https:\/\/www.portalminero.com\/wp\/wp-json\/wp\/v2\/tags?post=182672"}],"curies":[{"name":"wp","href":"https:\/\/api.w.org\/{rel}","templated":true}]}}