{"id":185948,"date":"2025-01-14T00:00:00","date_gmt":"2025-01-14T00:00:00","guid":{"rendered":"https:\/\/www.portalminero.com\/wp\/division-el-teniente-apoya-mejoras-en-sede-comunitaria-de-chacayes\/"},"modified":"2025-01-14T19:15:06","modified_gmt":"2025-01-14T19:15:06","slug":"division-el-teniente-apoya-mejoras-en-sede-comunitaria-de-la-comuna-de-machali","status":"publish","type":"post","link":"https:\/\/www.portalminero.com\/wp\/division-el-teniente-apoya-mejoras-en-sede-comunitaria-de-la-comuna-de-machali\/","title":{"rendered":"Divisi\u00f3n El Teniente apoya mejoras en sede comunitaria de la comuna de Machal\u00ed"},"content":{"rendered":"<h6><b>Chile<\/b><\/h6>\n<p><strong>Los trabajos son parte del plan de Desarrollo Territorial de la cupr\u00edfera, que incluye el fortalecimiento de organizaciones comunitarias a trav\u00e9s de la mejora de espacios clave para impulsar el desarrollo y la calidad de vida de sus habitantes.<\/strong><\/p>\n<p><img class=\"imagen-noticia\" src=\"data:image\/gif;base64,R0lGODlhAQABAIAAAAAAAP\/\/\/yH5BAEAAAAALAAAAAABAAEAAAIBRAA7\" data-src=\"https:\/\/www.portalminero.com\/wp\/wp-content\/uploads\/subidos\/notasprensa\/17190_6786b309a4d16.jpg\" alt=\"Divisi\u00f3n El Teniente apoya mejoras en sede comunitaria de Chacayes\" \/><noscript><img class=\"imagen-noticia\" src=\"https:\/\/www.portalminero.com\/wp\/wp-content\/uploads\/subidos\/notasprensa\/17190_6786b309a4d16.jpg\" alt=\"Divisi\u00f3n El Teniente apoya mejoras en sede comunitaria de Chacayes\" \/><\/noscript><\/p>\n<div class=\"texto_prensa\" align=\"justify\">\n<p><strong>martes 14 de enero del 2025.-<\/strong>\u00a0Gracias a un trabajo colaborativo con representantes de la localidad, Codelco Divisi\u00f3n El Teniente impuls\u00f3 una serie de mejoras en la sede comunitaria de la Junta de Vecinos de Chacayes, en la precordillera de Machal\u00ed. Estos trabajos beneficiaron a m\u00e1s de 600 vecinos y vecinas del sector al entregar un espacio renovado para reuniones, actividades sociales y eventos comunitarios.<\/p>\n<p>Las mejoras se realizaron a trav\u00e9s del programa de mano de obra local de El Teniente y contemplaron limpieza del terreno, instalaci\u00f3n de estacionamientos, creaci\u00f3n de caminos ornamentales, instalaci\u00f3n de florales y cierres interiores. Las obras se extendieron por cerca de tres meses, apuntando a fortalecer el uso comunitario del recinto.<\/p>\n<p>Francisco Allan, supervisor de Desarrollo Comunitario de El Teniente, detall\u00f3 que \u201cesto responde al avance que ha tenido el sector, donde emprendedores y turistas llegan para participar en diversas actividades. La idea detr\u00e1s de estas mejoras fue embellecer y ordenar el espacio, creando \u00e1reas de estacionamiento, instalando jardines y mejoras infraestructurales. Esperamos que la sede no solo sea utilizada para encuentros, sino que tambi\u00e9n se convierta en un lugar acogedor y atractivo que los vecinos disfruten plenamente\u201d.<\/p>\n<p>La presidenta de la Junta de Vecinos de Chacayes, Patricia Mu\u00f1oz, valor\u00f3 el apoyo y explic\u00f3 la importancia de las instalaciones. \u201cEsta inversi\u00f3n es clave para las organizaciones territoriales de sectores alejados de la ciudad, donde conviven tanto quienes han llegado recientemente como familias que han vivido aqu\u00ed toda su vida. Adem\u00e1s, permitir\u00e1 que las nuevas generaciones cuenten con un espacio comunitario que utilicen y disfruten\u201d, sostuvo.<\/p>\n<p><strong>Un espacio de reuni\u00f3n en la localidad<\/strong><\/p>\n<p>La sede fue inaugurada en marzo de 2018 gracias a la colaboraci\u00f3n de instituciones p\u00fablicas y privadas, donde la Divisi\u00f3n El Teniente apoy\u00f3 directamente en su construcci\u00f3n. Desde entonces, se ha consolidado como un punto de encuentro para los vecinos.<\/p>\n<p>Actualmente, la sede funciona como un centro clave para los vecinos, fortaleciendo el sentido de comunidad en una localidad que contin\u00faa creciendo y desarroll\u00e1ndose. Entre las actividades que se desarrollan en la sede, destacan los bautizos, los casamientos y las ferias gastron\u00f3micas que se realizan los fines de semana.<\/p>\n<p>Omar Reyes, segundo director de la organizaci\u00f3n, dijo que \u201cla idea es que todos se sientan representados por la Junta. Queremos que los vecinos vengan, compartan y sientan que cuentan con nosotros. Con las mejoras realizadas, ahora tenemos un lugar m\u00e1s acogedor, que proyecta una mejor imagen\u201d.<\/p>\n<p>\u201cLas ferias han tomado m\u00e1s fuerza \u00faltimamente. Adem\u00e1s, dependiendo de la \u00e9poca del a\u00f1o, aumentan las actividades bastante. En verano, tenemos m\u00e1s casamientos y bautizos. En invierno baja un poco, pero siempre hay al menos un evento semanal\u201d, agreg\u00f3.<\/p>\n<\/div>\n<hr \/>\n","protected":false},"excerpt":{"rendered":"<p>Los trabajos son parte del plan de Desarrollo Territorial de la cupr\u00edfera, que incluye el fortalecimiento de organizaciones comunitarias a trav\u00e9s de la mejora de espacios clave para impulsar el desarrollo y la calidad de vida de sus habitantes.<\/p>\n","protected":false},"author":26,"featured_media":185949,"comment_status":"open","ping_status":"open","sticky":false,"template":"","format":"standard","meta":[],"categories":[60],"tags":[],"_links":{"self":[{"href":"https:\/\/www.portalminero.com\/wp\/wp-json\/wp\/v2\/posts\/185948"}],"collection":[{"href":"https:\/\/www.portalminero.com\/wp\/wp-json\/wp\/v2\/posts"}],"about":[{"href":"https:\/\/www.portalminero.com\/wp\/wp-json\/wp\/v2\/types\/post"}],"author":[{"embeddable":true,"href":"https:\/\/www.portalminero.com\/wp\/wp-json\/wp\/v2\/users\/26"}],"replies":[{"embeddable":true,"href":"https:\/\/www.portalminero.com\/wp\/wp-json\/wp\/v2\/comments?post=185948"}],"version-history":[{"count":2,"href":"https:\/\/www.portalminero.com\/wp\/wp-json\/wp\/v2\/posts\/185948\/revisions"}],"predecessor-version":[{"id":185951,"href":"https:\/\/www.portalminero.com\/wp\/wp-json\/wp\/v2\/posts\/185948\/revisions\/185951"}],"wp:featuredmedia":[{"embeddable":true,"href":"https:\/\/www.portalminero.com\/wp\/wp-json\/wp\/v2\/media\/185949"}],"wp:attachment":[{"href":"https:\/\/www.portalminero.com\/wp\/wp-json\/wp\/v2\/media?parent=185948"}],"wp:term":[{"taxonomy":"category","embeddable":true,"href":"https:\/\/www.portalminero.com\/wp\/wp-json\/wp\/v2\/categories?post=185948"},{"taxonomy":"post_tag","embeddable":true,"href":"https:\/\/www.portalminero.com\/wp\/wp-json\/wp\/v2\/tags?post=185948"}],"curies":[{"name":"wp","href":"https:\/\/api.w.org\/{rel}","templated":true}]}}