{"id":188434,"date":"2025-02-27T00:00:30","date_gmt":"2025-02-27T00:00:30","guid":{"rendered":"https:\/\/www.portalminero.com\/wp\/acera-insta-a-que-autoridades-sectoriales-realicen-una-investigacion-exhaustiva-cuyas-conclusiones-permitan-fortalecer-el-sen\/"},"modified":"2025-02-27T15:09:23","modified_gmt":"2025-02-27T15:09:23","slug":"acera-insta-a-que-autoridades-realicen-una-investigacion-exhaustiva-cuyas-conclusiones-permitan-fortalecer-el-sistema-electrico-nacional","status":"publish","type":"post","link":"https:\/\/www.portalminero.com\/wp\/acera-insta-a-que-autoridades-realicen-una-investigacion-exhaustiva-cuyas-conclusiones-permitan-fortalecer-el-sistema-electrico-nacional\/","title":{"rendered":"Acera insta a que autoridades realicen una investigaci\u00f3n exhaustiva cuyas conclusiones permitan fortalecer el Sistema El\u00e9ctrico Nacional"},"content":{"rendered":"<h6><em>Chile<\/em><\/h6>\n<p><b>\u201cEs fundamental que los \u00f3rganos respectivos realicen una investigaci\u00f3n exhaustiva para determinar causas y eventuales responsabilidades\u201d, destacaron desde la entidad.<\/b><\/p>\n<p><img class=\"imagen-noticia\" src=\"data:image\/gif;base64,R0lGODlhAQABAIAAAAAAAP\/\/\/yH5BAEAAAAALAAAAAABAAEAAAIBRAA7\" data-src=\"http:\/\/pm.portalminero.com\/images\/noticias\/67c07471eaeb7.jpg\" alt=\"Acera insta a que autoridades sectoriales realicen una investigaci\u00f3n exhaustiva cuyas conclusiones permitan fortalecer el SEN\" \/><noscript><img class=\"imagen-noticia\" src=\"http:\/\/pm.portalminero.com\/images\/noticias\/67c07471eaeb7.jpg\" alt=\"Acera insta a que autoridades sectoriales realicen una investigaci\u00f3n exhaustiva cuyas conclusiones permitan fortalecer el SEN\" \/><\/noscript><\/p>\n<div class=\"texto_prensa\" align=\"justify\">\n<p><strong>jueves 27 de febrero del 2025.-<\/strong> La Asociaci\u00f3n Chilena de Energ\u00edas Renovables y Almacenamiento, Acera A.G., expres\u00f3 su solidaridad y preocupaci\u00f3n por el apag\u00f3n masivo del 25 de febrero, que dej\u00f3 al pa\u00eds sin suministro el\u00e9ctrico, afectando la vida cotidiana de la poblaci\u00f3n y sectores productivos clave.<\/p>\n<p>Si bien se ha identificado preliminarmente que la falla se origin\u00f3 en la l\u00ednea de transmisi\u00f3n Nueva Maitencillo &#8211; Nueva Pan de Az\u00facar 2&#215;500 kV, operada por ISA InterChile, debido a una operaci\u00f3n no deseada en sus sistemas de control y protecci\u00f3n, \u201ces fundamental que los \u00f3rganos respectivos realicen una investigaci\u00f3n exhaustiva para determinar causas y eventuales responsabilidades. As\u00ed, el Coordinador El\u00e9ctrico Nacional (CEN) debe elaborar el Estudio de An\u00e1lisis de Falla (EAF), identificando los factores clave del evento, las razones de su propagaci\u00f3n y el desempe\u00f1o del Plan de Recuperaci\u00f3n de Servicio (PRS). Por su parte, la Superintendencia de Electricidad y Combustibles, como organismo fiscalizador, debe investigar las causas y determinar eventuales responsabilidades\u201d, detall\u00f3 la entidad a trav\u00e9s de un comunicado de prensa.<\/p>\n<p>\u201cEs prudente y aconsejable esperar el resultado de la investigaci\u00f3n y sus conclusiones antes de emitir juicios anticipados. Lo m\u00e1s importante es utilizar adecuadamente la informaci\u00f3n que se obtenga para evitar que eventos de esta magnitud y efectos se repitan en nuestro pa\u00eds\u201d, agregaron desde Acera.<\/p>\n<p>Asimismo, desde la entidad realizaron un llamado a las autoridades y actores del sector a que este evento sea analizado con la relevancia que merece y con el rigor t\u00e9cnico necesario. \u201cEs clave que todos los actores involucrados trabajemos en conjunto para fortalecer la seguridad y confiabilidad del sistema el\u00e9ctrico\u201d.<\/p>\n<p>Por otro lado, independientemente de los resultados de la investigaci\u00f3n, desde Acera destacaron que es clave avanzar en el fortalecimiento del sistema el\u00e9ctrico mediante inversiones en infraestructura de transmisi\u00f3n y almacenamiento energ\u00e9tico. \u201cEn este contexto, resulta fundamental seguir trabajando en la modernizaci\u00f3n del marco regulatorio, promoviendo un sistema de permisos ambientales m\u00e1s din\u00e1mico y eficiente, junto con una regulaci\u00f3n que incentive la inversi\u00f3n en proyectos de todas las tecnolog\u00edas renovables, almacenamiento y escalas, contribuyendo as\u00ed a la estabilidad y sostenibilidad del sistema el\u00e9ctrico nacional\u201d.<\/p>\n<p>\u201cEs fundamental que esta situaci\u00f3n se analice con objetividad y sin apresurarse en establecer responsabilidades antes de contar con todos los antecedentes. Nuestro compromiso es colaborar en la identificaci\u00f3n de soluciones que refuercen la estabilidad y confiabilidad del sistema el\u00e9ctrico\u201d, afirm\u00f3 Ana L\u00eda Rojas, directora ejecutiva de Acera.<\/p>\n<\/div>\n<hr \/>\n","protected":false},"excerpt":{"rendered":"<p><span class='published'>Chile | 2025-02-27<\/span><\/p>\n<p>\u201cEs fundamental que los \u00f3rganos respectivos realicen una investigaci\u00f3n exhaustiva para determinar causas y eventuales responsabilidades\u201d, destacaron desde la entidad.<\/p>\n","protected":false},"author":24,"featured_media":188435,"comment_status":"open","ping_status":"open","sticky":false,"template":"","format":"standard","meta":[],"categories":[12],"tags":[],"_links":{"self":[{"href":"https:\/\/www.portalminero.com\/wp\/wp-json\/wp\/v2\/posts\/188434"}],"collection":[{"href":"https:\/\/www.portalminero.com\/wp\/wp-json\/wp\/v2\/posts"}],"about":[{"href":"https:\/\/www.portalminero.com\/wp\/wp-json\/wp\/v2\/types\/post"}],"author":[{"embeddable":true,"href":"https:\/\/www.portalminero.com\/wp\/wp-json\/wp\/v2\/users\/24"}],"replies":[{"embeddable":true,"href":"https:\/\/www.portalminero.com\/wp\/wp-json\/wp\/v2\/comments?post=188434"}],"version-history":[{"count":3,"href":"https:\/\/www.portalminero.com\/wp\/wp-json\/wp\/v2\/posts\/188434\/revisions"}],"predecessor-version":[{"id":188444,"href":"https:\/\/www.portalminero.com\/wp\/wp-json\/wp\/v2\/posts\/188434\/revisions\/188444"}],"wp:featuredmedia":[{"embeddable":true,"href":"https:\/\/www.portalminero.com\/wp\/wp-json\/wp\/v2\/media\/188435"}],"wp:attachment":[{"href":"https:\/\/www.portalminero.com\/wp\/wp-json\/wp\/v2\/media?parent=188434"}],"wp:term":[{"taxonomy":"category","embeddable":true,"href":"https:\/\/www.portalminero.com\/wp\/wp-json\/wp\/v2\/categories?post=188434"},{"taxonomy":"post_tag","embeddable":true,"href":"https:\/\/www.portalminero.com\/wp\/wp-json\/wp\/v2\/tags?post=188434"}],"curies":[{"name":"wp","href":"https:\/\/api.w.org\/{rel}","templated":true}]}}