{"id":189641,"date":"2025-03-26T00:00:00","date_gmt":"2025-03-26T00:00:00","guid":{"rendered":"https:\/\/www.portalminero.com\/wp\/integracion-regional-y-seguridad-energetica\/"},"modified":"2025-03-26T11:52:35","modified_gmt":"2025-03-26T11:52:35","slug":"integracion-regional-y-seguridad-energetica","status":"publish","type":"post","link":"https:\/\/www.portalminero.com\/wp\/integracion-regional-y-seguridad-energetica\/","title":{"rendered":"Integraci\u00f3n Regional y Seguridad Energ\u00e9tica"},"content":{"rendered":"<h6><b>Chile<\/b><\/h6>\n<p><strong>Andr\u00e9s Rebolledo, secretario ejecutivo de la Organizaci\u00f3n Latinoamericana de Energ\u00eda (Olade).<\/strong><\/p>\n<p><img class=\"imagen-noticia\" src=\"data:image\/gif;base64,R0lGODlhAQABAIAAAAAAAP\/\/\/yH5BAEAAAAALAAAAAABAAEAAAIBRAA7\" data-src=\"https:\/\/www.portalminero.com\/wp\/wp-content\/uploads\/subidos\/notasprensa\/17394_67e3e8f0459ac.jpg\" alt=\"Integraci\u00f3n Regional y Seguridad Energ\u00e9tica\" \/><noscript><img class=\"imagen-noticia\" src=\"https:\/\/www.portalminero.com\/wp\/wp-content\/uploads\/subidos\/notasprensa\/17394_67e3e8f0459ac.jpg\" alt=\"Integraci\u00f3n Regional y Seguridad Energ\u00e9tica\" \/><\/noscript><\/p>\n<div class=\"texto_prensa\" align=\"justify\"><strong>mi\u00e9rcoles 26 de marzo del 2025.-<\/strong>\u00a0Tras el apag\u00f3n que afect\u00f3 a gran parte de Chile en febrero, es necesario analizar el panorama en la regi\u00f3n e implementar cursos de acci\u00f3n a seguir.\u00a0 Vemos que Ecuador y Cuba han tenido situaciones similares, mientras que en Argentina, Brasil y Honduras, tambi\u00e9n se han registrado interrupciones de suministro parciales.<\/p>\n<p>Las causas de las suspensiones de servicio var\u00edan en cada lugar: d\u00e9ficit en la oferta de energ\u00eda por sequ\u00edas o problemas en centrales de generaci\u00f3n consideradas cr\u00edticas (Ecuador, Brasil). Mientras, en Chile y Centroam\u00e9rica, las fallas tuvieron su origen en los sistemas de transmisi\u00f3n que evidenciaron debilidades dada la falta de nueva infraestructura y modernizaci\u00f3n de la existente.<\/p>\n<p>El d\u00e9ficit de generaci\u00f3n si bien surge por efectos del cambio clim\u00e1tico, tiene su origen en la falta de diversificaci\u00f3n de la matriz el\u00e9ctrica y la ausencia de alternativas de abastecimiento.\u00a0 Observamos que los pa\u00edses que han enfrentado de mejor manera las contingencias -sin necesidad de racionamientos-, fueron aquellos que tuvieron la opci\u00f3n de tener soporte energ\u00e9tico de las naciones vecinas.<\/p>\n<p>Esta situaci\u00f3n ha colocado a la \u201cseguridad energ\u00e9tica\u201d como prioridad en las agendas de los gobiernos, para lo cual han dise\u00f1ado estrategias para una transici\u00f3n hacia fuentes renovables que enfrentan enormes retos, destac\u00e1ndose el acceso al financiamiento.<\/p>\n<p>Es evidente que la mejor forma de enfrentar este escenario es trabajar de manera conjunta y coordinada para aprovechar los recursos energ\u00e9ticos disponibles y las complementariedades existentes. En el caso de las naciones peque\u00f1as, resulta conveniente hacer un bloque com\u00fan para una negociaci\u00f3n en mejores condiciones frente a los organismos de financiamiento y proveedores de tecnolog\u00eda. Un ejemplo de integraci\u00f3n a nivel subregional es el Sistema de Interconexi\u00f3n El\u00e9ctrica en los Pa\u00edses de Am\u00e9rica Central (SIEPAC), que tiene infraestructura, normativa e institucionalidad propia. Tambi\u00e9n se ven avances en la implementaci\u00f3n de un \u201cmercado andino de electricidad\u201d entre Colombia, Ecuador y Per\u00fa, que se pondr\u00e1 en marcha en 2027.<\/p>\n<p>La integraci\u00f3n energ\u00e9tica es una alternativa v\u00e1lida, viable y posible, en la medida en que se plasme en acciones concretas que vayan m\u00e1s all\u00e1 de las interconexiones a nivel bilateral y se proyecten hacia la construcci\u00f3n de mercados m\u00e1s amplios, subregionales y regionales.<\/p>\n<p>Este modelo tiene algunos desaf\u00edos que deben ser adecuadamente identificados para enfrentarlos de manera correcta: la voluntad pol\u00edtica es el factor determinante y el punto de partida de un proceso exitoso de integraci\u00f3n y se ha puesto de manifiesto en varios espacios de di\u00e1logo internacionales.<\/p>\n<p>Lo importante es aterrizar esa decisi\u00f3n pol\u00edtica en acciones concretas que apunten a una planificaci\u00f3n integrada que considere un mejor aprovechamiento de los recursos energ\u00e9ticos disponibles y que son abundantes, aprovechando las complementariedades existentes.<\/p>\n<p>El objetivo es alcanzar la seguridad en el abastecimiento y tener sistemas resilientes, es decir, que tengan la capacidad de enfrentar condiciones adversas que afectan su integridad y capacidad operativa. Esto requiere de un soporte tecnol\u00f3gico importante e implica nuevos costos que deben ser considerados en la ecuaci\u00f3n y ser asimilados.<\/p><\/div>\n<hr \/>\n","protected":false},"excerpt":{"rendered":"<p>Andr\u00e9s Rebolledo, secretario ejecutivo de la Organizaci\u00f3n Latinoamericana de Energ\u00eda (Olade).<\/p>\n","protected":false},"author":24,"featured_media":189642,"comment_status":"open","ping_status":"open","sticky":false,"template":"","format":"standard","meta":[],"categories":[13],"tags":[],"_links":{"self":[{"href":"https:\/\/www.portalminero.com\/wp\/wp-json\/wp\/v2\/posts\/189641"}],"collection":[{"href":"https:\/\/www.portalminero.com\/wp\/wp-json\/wp\/v2\/posts"}],"about":[{"href":"https:\/\/www.portalminero.com\/wp\/wp-json\/wp\/v2\/types\/post"}],"author":[{"embeddable":true,"href":"https:\/\/www.portalminero.com\/wp\/wp-json\/wp\/v2\/users\/24"}],"replies":[{"embeddable":true,"href":"https:\/\/www.portalminero.com\/wp\/wp-json\/wp\/v2\/comments?post=189641"}],"version-history":[{"count":1,"href":"https:\/\/www.portalminero.com\/wp\/wp-json\/wp\/v2\/posts\/189641\/revisions"}],"predecessor-version":[{"id":189643,"href":"https:\/\/www.portalminero.com\/wp\/wp-json\/wp\/v2\/posts\/189641\/revisions\/189643"}],"wp:featuredmedia":[{"embeddable":true,"href":"https:\/\/www.portalminero.com\/wp\/wp-json\/wp\/v2\/media\/189642"}],"wp:attachment":[{"href":"https:\/\/www.portalminero.com\/wp\/wp-json\/wp\/v2\/media?parent=189641"}],"wp:term":[{"taxonomy":"category","embeddable":true,"href":"https:\/\/www.portalminero.com\/wp\/wp-json\/wp\/v2\/categories?post=189641"},{"taxonomy":"post_tag","embeddable":true,"href":"https:\/\/www.portalminero.com\/wp\/wp-json\/wp\/v2\/tags?post=189641"}],"curies":[{"name":"wp","href":"https:\/\/api.w.org\/{rel}","templated":true}]}}