{"id":191289,"date":"2025-04-24T00:00:30","date_gmt":"2025-04-24T00:00:30","guid":{"rendered":"https:\/\/www.portalminero.com\/wp\/firma-alemana-ingresa-a-evaluacion-ambiental-proyecto-eolico-de-us500-millones-en-la-region-de-nuble\/"},"modified":"2025-04-25T14:02:03","modified_gmt":"2025-04-25T14:02:03","slug":"firma-alemana-ingresa-a-evaluacion-ambiental-proyecto-eolico-de-us500-millones-en-la-region-de-nuble","status":"publish","type":"post","link":"https:\/\/www.portalminero.com\/wp\/firma-alemana-ingresa-a-evaluacion-ambiental-proyecto-eolico-de-us500-millones-en-la-region-de-nuble\/","title":{"rendered":"Firma alemana ingresa a evaluaci\u00f3n ambiental proyecto e\u00f3lico de US$500 millones en la Regi\u00f3n de \u00d1uble"},"content":{"rendered":"<h6><em>Chile<\/em><\/h6>\n<p><b>La iniciativa consiste en la construcci\u00f3n, operaci\u00f3n y cierre de un parque conformado por 43 aerogeneradores de 7,2 MW de potencia unitaria, que en conjunto generar\u00e1n una potencia total de hasta 310 MW.<\/b><\/p>\n<p><img class=\"imagen-noticia\" src=\"data:image\/gif;base64,R0lGODlhAQABAIAAAAAAAP\/\/\/yH5BAEAAAAALAAAAAABAAEAAAIBRAA7\" data-src=\"http:\/\/pm.portalminero.com\/images\/noticias\/680a26b519219.jpg\" alt=\"Firma alemana ingresa a evaluaci\u00f3n ambiental proyecto e\u00f3lico de US$500 millones en la Regi\u00f3n de \u00d1uble\" \/><noscript><img class=\"imagen-noticia\" src=\"http:\/\/pm.portalminero.com\/images\/noticias\/680a26b519219.jpg\" alt=\"Firma alemana ingresa a evaluaci\u00f3n ambiental proyecto e\u00f3lico de US$500 millones en la Regi\u00f3n de \u00d1uble\" \/><\/noscript><\/p>\n<div class=\"texto_prensa\" align=\"justify\">\n<p><strong>jueves 24 de abril del 2025.-<\/strong>\u00a0La empresa alemana RWE Renewables ingres\u00f3 al Sistema de Evaluaci\u00f3n de Impacto Ambiental (SEIA) el proyecto Parque E\u00f3lico Las Fresias, el cual se encontrar\u00e1 ubicado en la comuna de Yungay, en la Regi\u00f3n de \u00d1uble.<\/p>\n<p>Con una inversi\u00f3n estimada en US$500 millones, el proyecto consiste en la construcci\u00f3n, operaci\u00f3n y cierre de un parque e\u00f3lico conformado por 43 aerogeneradores de 7,2 MW de potencia unitaria, que en conjunto generar\u00e1n una potencia total de hasta 310 MW.<\/p>\n<p>En t\u00e9rminos de la evaluaci\u00f3n en el SEIA, dado que se considera el uso de rutas, proyecciones de ruido y sombra intermitente, corresponde evaluarlo ambientalmente en las regiones de \u00d1uble y Biob\u00edo. Todo en una superficie aproximada de 189,3 hect\u00e1reas.<\/p>\n<p>Por otro lado, para transmitir la energ\u00eda generada por el parque e\u00f3lico al Sistema El\u00e9ctrico Nacional (SEN), este se conectar\u00e1 con una L\u00ednea de Transmisi\u00f3n existente Charr\u00faa \u2013 Los Notros 220 kV, que transcurre en paralelo a la ruta N-97-Q.<\/p>\n<p>Conforme al cronograma presentado por la empresa, la iniciativa tendr\u00e1 un periodo de construcci\u00f3n de 18 meses, y podr\u00eda comenzar en 2027, pero siempre sujeto a la aprobaci\u00f3n ambiental y permisos sectoriales asociados.<\/p>\n<p>Para m\u00e1s informaci\u00f3n del proyecto pincha <a href=\"https:\/\/www.portalminero.com\/pages\/viewpage.action?pageId=217384819\">aqu\u00ed<\/a>.<\/p>\n<\/div>\n<hr \/>\n","protected":false},"excerpt":{"rendered":"<p><span class='published'>Chile | 2025-04-24<\/span><\/p>\n<p>La iniciativa consiste en la construcci\u00f3n, operaci\u00f3n y cierre de un parque conformado por 43 aerogeneradores de 7,2 MW de potencia unitaria, que en conjunto generar\u00e1n una potencia total de hasta 310 MW.<\/p>\n","protected":false},"author":24,"featured_media":191290,"comment_status":"open","ping_status":"open","sticky":false,"template":"","format":"standard","meta":[],"categories":[12],"tags":[],"_links":{"self":[{"href":"https:\/\/www.portalminero.com\/wp\/wp-json\/wp\/v2\/posts\/191289"}],"collection":[{"href":"https:\/\/www.portalminero.com\/wp\/wp-json\/wp\/v2\/posts"}],"about":[{"href":"https:\/\/www.portalminero.com\/wp\/wp-json\/wp\/v2\/types\/post"}],"author":[{"embeddable":true,"href":"https:\/\/www.portalminero.com\/wp\/wp-json\/wp\/v2\/users\/24"}],"replies":[{"embeddable":true,"href":"https:\/\/www.portalminero.com\/wp\/wp-json\/wp\/v2\/comments?post=191289"}],"version-history":[{"count":3,"href":"https:\/\/www.portalminero.com\/wp\/wp-json\/wp\/v2\/posts\/191289\/revisions"}],"predecessor-version":[{"id":191404,"href":"https:\/\/www.portalminero.com\/wp\/wp-json\/wp\/v2\/posts\/191289\/revisions\/191404"}],"wp:featuredmedia":[{"embeddable":true,"href":"https:\/\/www.portalminero.com\/wp\/wp-json\/wp\/v2\/media\/191290"}],"wp:attachment":[{"href":"https:\/\/www.portalminero.com\/wp\/wp-json\/wp\/v2\/media?parent=191289"}],"wp:term":[{"taxonomy":"category","embeddable":true,"href":"https:\/\/www.portalminero.com\/wp\/wp-json\/wp\/v2\/categories?post=191289"},{"taxonomy":"post_tag","embeddable":true,"href":"https:\/\/www.portalminero.com\/wp\/wp-json\/wp\/v2\/tags?post=191289"}],"curies":[{"name":"wp","href":"https:\/\/api.w.org\/{rel}","templated":true}]}}