{"id":193311,"date":"2025-05-28T00:00:00","date_gmt":"2025-05-28T00:00:00","guid":{"rendered":"https:\/\/www.portalminero.com\/wp\/gerente-general-de-transelec-es-elegido-como-consejero-de-sofofa\/"},"modified":"2025-05-28T13:18:36","modified_gmt":"2025-05-28T13:18:36","slug":"gerente-general-de-transelec-es-elegido-como-consejero-de-sofofa","status":"publish","type":"post","link":"https:\/\/www.portalminero.com\/wp\/gerente-general-de-transelec-es-elegido-como-consejero-de-sofofa\/","title":{"rendered":"Gerente general de Transelec es elegido como consejero de Sofofa"},"content":{"rendered":"<h6><b>Chile<\/b><\/h6>\n<p><strong>Arturo Le Blanc, quien adem\u00e1s es presidente de la Asociaci\u00f3n de Transmisoras de Energ\u00eda, integrar\u00e1 el nuevo Consejo General del gremio consolidando al sector el\u00e9ctrico como un elemento importante en el impulso de pol\u00edticas p\u00fablicas que fortalezcan el desarrollo del pa\u00eds.<\/strong><\/p>\n<p><img class=\"imagen-noticia\" src=\"data:image\/gif;base64,R0lGODlhAQABAIAAAAAAAP\/\/\/yH5BAEAAAAALAAAAAABAAEAAAIBRAA7\" data-src=\"https:\/\/www.portalminero.com\/wp\/wp-content\/uploads\/subidos\/notasprensa\/17622_68370b2622ade.jpg\" alt=\"Gerente general de Transelec es elegido como consejero de Sofofa\" \/><noscript><img class=\"imagen-noticia\" src=\"https:\/\/www.portalminero.com\/wp\/wp-content\/uploads\/subidos\/notasprensa\/17622_68370b2622ade.jpg\" alt=\"Gerente general de Transelec es elegido como consejero de Sofofa\" \/><\/noscript><\/p>\n<div class=\"texto_prensa\" align=\"justify\">\n<p><strong>mi\u00e9rcoles 28 de mayo del 2025.-<\/strong>\u00a0El gerente general de Transelec, Arturo Le Blanc, fue elegido nuevo consejero de la Sociedad de Fomento Fabril (Sofofa) para el per\u00edodo 2025-2029. Junto a \u00e9l, se suman ejecutivos de diversas empresas e industrias.<\/p>\n<p>\u201cMe siento muy honrado por asumir este nuevo cargo desde el cual seguir\u00e9 impulsando la agenda de proyectos necesarios para el desarrollo de Chile. Estoy convencido que las grandes alianzas p\u00fablico-privadas pueden acelerar el crecimiento que nuestro pa\u00eds necesita con urgencia, por lo que continuar\u00e9 promoviendo el di\u00e1logo constructivo especialmente en materia de permisos para obras de infraestructura y fomento a la inversi\u00f3n\u201d, asegur\u00f3 el nuevo consejero.<\/p>\n<p>Asimismo, afirm\u00f3 que cree que las empresas tienen un rol relevante en impulsar buenas pol\u00edticas p\u00fablicas, sobre todo considerando que las autoridades cuentan con un plazo perentorio de cuatro a\u00f1os, en cambio, el sector privado es quien tiene una visi\u00f3n de largo plazo para impulsar el desarrollo.<\/p>\n<p>Le Blanc cuenta con m\u00e1s de 20 a\u00f1os de experiencia liderando equipos de asuntos legales, regulatorios, corporativos y de compliance, 15 de ellos en la principal transmisora de energ\u00eda del pa\u00eds. En los \u00faltimos a\u00f1os, el ejecutivo ha conducido la estrategia de renovaci\u00f3n de Transelec hacia nuevos negocios, tales como proyectos de suministro de agua, sistemas de almacenamiento e infraestructura para la miner\u00eda.<\/p>\n<p>Es adem\u00e1s vicepresidente de la C\u00e1mara Chileno-Canadiense de Comercio y miembro del Consejo Talento Futuro. Anteriormente, se desempe\u00f1\u00f3 como presidente del directorio de Empresas El\u00e9ctricas (2019-2020).<\/p>\n<\/div>\n<hr \/>\n","protected":false},"excerpt":{"rendered":"<p>Arturo Le Blanc, quien adem\u00e1s es presidente de la Asociaci\u00f3n de Transmisoras de Energ\u00eda, integrar\u00e1 el nuevo Consejo General del gremio consolidando al sector el\u00e9ctrico como un elemento importante en el impulso de pol\u00edticas p\u00fablicas que fortalezcan el desarrollo del pa\u00eds.<\/p>\n","protected":false},"author":24,"featured_media":193312,"comment_status":"open","ping_status":"open","sticky":false,"template":"","format":"standard","meta":[],"categories":[60],"tags":[],"_links":{"self":[{"href":"https:\/\/www.portalminero.com\/wp\/wp-json\/wp\/v2\/posts\/193311"}],"collection":[{"href":"https:\/\/www.portalminero.com\/wp\/wp-json\/wp\/v2\/posts"}],"about":[{"href":"https:\/\/www.portalminero.com\/wp\/wp-json\/wp\/v2\/types\/post"}],"author":[{"embeddable":true,"href":"https:\/\/www.portalminero.com\/wp\/wp-json\/wp\/v2\/users\/24"}],"replies":[{"embeddable":true,"href":"https:\/\/www.portalminero.com\/wp\/wp-json\/wp\/v2\/comments?post=193311"}],"version-history":[{"count":2,"href":"https:\/\/www.portalminero.com\/wp\/wp-json\/wp\/v2\/posts\/193311\/revisions"}],"predecessor-version":[{"id":193315,"href":"https:\/\/www.portalminero.com\/wp\/wp-json\/wp\/v2\/posts\/193311\/revisions\/193315"}],"wp:featuredmedia":[{"embeddable":true,"href":"https:\/\/www.portalminero.com\/wp\/wp-json\/wp\/v2\/media\/193312"}],"wp:attachment":[{"href":"https:\/\/www.portalminero.com\/wp\/wp-json\/wp\/v2\/media?parent=193311"}],"wp:term":[{"taxonomy":"category","embeddable":true,"href":"https:\/\/www.portalminero.com\/wp\/wp-json\/wp\/v2\/categories?post=193311"},{"taxonomy":"post_tag","embeddable":true,"href":"https:\/\/www.portalminero.com\/wp\/wp-json\/wp\/v2\/tags?post=193311"}],"curies":[{"name":"wp","href":"https:\/\/api.w.org\/{rel}","templated":true}]}}