{"id":194259,"date":"2025-06-12T00:00:30","date_gmt":"2025-06-12T00:00:30","guid":{"rendered":"https:\/\/www.portalminero.com\/wp\/12-06-2025-parque-eolico-de-la-region-de-nuble-recibe-la-aprobacion-ambiental\/"},"modified":"2025-06-12T00:00:30","modified_gmt":"2025-06-12T00:00:30","slug":"12-06-2025-parque-eolico-de-la-region-de-nuble-recibe-la-aprobacion-ambiental","status":"publish","type":"post","link":"https:\/\/www.portalminero.com\/wp\/12-06-2025-parque-eolico-de-la-region-de-nuble-recibe-la-aprobacion-ambiental\/","title":{"rendered":"12\/06\/2025 &#8211; Parque e\u00f3lico de la regi\u00f3n de \u00d1uble recibe la aprobaci\u00f3n ambiental"},"content":{"rendered":"<p>https:\/\/www.portalminero.com\/pages\/viewpage.action?pageId=209984568<\/p>\n","protected":false},"excerpt":{"rendered":"<p>https:\/\/www.portalminero.com\/pages\/viewpage.action?pageId=209984568<\/p>\n","protected":false},"author":5,"featured_media":0,"comment_status":"open","ping_status":"open","sticky":false,"template":"","format":"standard","meta":[],"categories":[62],"tags":[],"_links":{"self":[{"href":"https:\/\/www.portalminero.com\/wp\/wp-json\/wp\/v2\/posts\/194259"}],"collection":[{"href":"https:\/\/www.portalminero.com\/wp\/wp-json\/wp\/v2\/posts"}],"about":[{"href":"https:\/\/www.portalminero.com\/wp\/wp-json\/wp\/v2\/types\/post"}],"author":[{"embeddable":true,"href":"https:\/\/www.portalminero.com\/wp\/wp-json\/wp\/v2\/users\/5"}],"replies":[{"embeddable":true,"href":"https:\/\/www.portalminero.com\/wp\/wp-json\/wp\/v2\/comments?post=194259"}],"version-history":[{"count":0,"href":"https:\/\/www.portalminero.com\/wp\/wp-json\/wp\/v2\/posts\/194259\/revisions"}],"wp:attachment":[{"href":"https:\/\/www.portalminero.com\/wp\/wp-json\/wp\/v2\/media?parent=194259"}],"wp:term":[{"taxonomy":"category","embeddable":true,"href":"https:\/\/www.portalminero.com\/wp\/wp-json\/wp\/v2\/categories?post=194259"},{"taxonomy":"post_tag","embeddable":true,"href":"https:\/\/www.portalminero.com\/wp\/wp-json\/wp\/v2\/tags?post=194259"}],"curies":[{"name":"wp","href":"https:\/\/api.w.org\/{rel}","templated":true}]}}