{"id":199279,"date":"2025-09-08T00:00:30","date_gmt":"2025-09-08T00:00:30","guid":{"rendered":"https:\/\/www.portalminero.com\/wp\/firma-del-acuerdo-fure-marca-consenso-transversal-para-fortalecer-la-fundicion-y-refineria-del-cobre-en-chile\/"},"modified":"2025-09-09T11:36:53","modified_gmt":"2025-09-09T11:36:53","slug":"firma-del-acuerdo-fure-marca-consenso-transversal-para-fortalecer-la-fundicion-y-refineria-del-cobre-en-chile","status":"publish","type":"post","link":"https:\/\/www.portalminero.com\/wp\/firma-del-acuerdo-fure-marca-consenso-transversal-para-fortalecer-la-fundicion-y-refineria-del-cobre-en-chile\/","title":{"rendered":"Firma del acuerdo FURE marca consenso transversal para fortalecer la fundici\u00f3n y refiner\u00eda del cobre en Chile"},"content":{"rendered":"<h6><em>Chile<\/em><\/h6>\n<p><b>El hito se celebra en el contexto de la Estrategia Nacional de Fundici\u00f3n y Refiner\u00eda, la cual fue lanzada en 2023, con el objetivo de generar un catastro sobre la situaci\u00f3n pa\u00eds de la industria<\/b><\/p>\n<p><img class=\"imagen-noticia\" src=\"data:image\/gif;base64,R0lGODlhAQABAIAAAAAAAP\/\/\/yH5BAEAAAAALAAAAAABAAEAAAIBRAA7\" data-src=\"http:\/\/pm.portalminero.com\/images\/noticias\/68beebb2748e7.jpg\" alt=\"Firma del acuerdo FURE marca consenso transversal para fortalecer la fundici\u00f3n y refiner\u00eda del cobre en Chile\" \/><noscript><img class=\"imagen-noticia\" src=\"http:\/\/pm.portalminero.com\/images\/noticias\/68beebb2748e7.jpg\" alt=\"Firma del acuerdo FURE marca consenso transversal para fortalecer la fundici\u00f3n y refiner\u00eda del cobre en Chile\" \/><\/noscript><\/p>\n<div class=\"texto_prensa\" align=\"justify\"><strong>lunes 08 de septiembre del 2025.-<\/strong>\u00a0Con la participaci\u00f3n de la ministra de Miner\u00eda, Aurora Williams, la subsecretaria de la cartera, Suina Chahu\u00e1n; junto a representantes de la gran miner\u00eda, universidades y trabajadores, se firm\u00f3 el acuerdo por el fortalecimiento y modernizaci\u00f3n de la capacidad de fundici\u00f3n y refinaci\u00f3n de cobre de Chile.<\/p>\n<p>El hito se celebra en el contexto de la Estrategia Nacional de Fundici\u00f3n y Refiner\u00eda, la cual fue lanzada en 2023, bajo el Gobierno del presidente Gabriel Boric, con el objetivo de generar un catastro sobre la situaci\u00f3n pa\u00eds de la industria, adem\u00e1s de propiciar nuevas iniciativas para mejorar y transformar la capacidad productiva de este rubro en Chile.<\/p>\n<p>Durante la ceremonia, la ministra Williams subray\u00f3 la urgencia por agregar valor al cobre nacional y elevar est\u00e1ndares en la materia. \u201cApostar por fundir y refinar m\u00e1s en Chile no es una consigna ret\u00f3rica, es una decisi\u00f3n estrat\u00e9gica que nos permitir\u00e1 agregar valor a nuestra principal riqueza, a fortalecer nuestra soberan\u00eda productiva, a diversificar nuestra matriz industrial, a generar empleo calificado y a consolidar a Chile como l\u00edder en minerales cr\u00edticos de origen verde\u201d, agreg\u00f3.<\/p>\n<p><strong>Participaci\u00f3n multisectorial en la firma del Acuerdo FURE<\/strong><\/p>\n<p>Durante la firma del acuerdo, la subsecretaria Suina Chahu\u00e1n destac\u00f3 el compromiso amplio del ecosistema minero chileno por avanzar en la materia. \u201cEste acuerdo re\u00fane m\u00e1s de 20 organizaciones p\u00fablicas y privadas que hoy suscribieron distintos compromisos desde sus esferas de acci\u00f3n que se van a materializar en el tiempo a trav\u00e9s de una gobernanza, que esperamos, pueda robustecer la fundici\u00f3n y refiner\u00eda, y junto con ello poder avanzar en la proyecci\u00f3n de nuestra industria del cobre\u201d.<\/p>\n<p>La iniciativa cont\u00f3 con una amplia representaci\u00f3n de actores clave del ecosistema minero chileno, reflejando el compromiso transversal por robustecer y modernizar la industria. Participaron instituciones acad\u00e9micas como la Universidad T\u00e9cnica Federico Santa Mar\u00eda, la Pontificia Universidad Cat\u00f3lica de Valpara\u00edso, la Universidad de Atacama, la Universidad de Chile y la Universidad de Concepci\u00f3n; organizaciones de la sociedad civil como la Federaci\u00f3n de Supervisores del Cobre (FESUC), la Federaci\u00f3n de Trabajadores del Cobre (FTC) y la Federaci\u00f3n Minera de Chile (FMC); adem\u00e1s de entidades t\u00e9cnicas y gremiales como el Instituto de Ingenieros de Minas de Chile, el Instituto de Tecnolog\u00edas Limpias (ITL) y el Centro de Estudios del Cobre y la Miner\u00eda (Cesco).<\/p>\n<p>Participaron las compa\u00f1\u00edas mineras Anglo American y Glencore, mientras que desde el sector p\u00fablico se adhirieron Codelco, Enami, Corfo e InvestChile, as\u00ed como la Comisi\u00f3n Chilena del Cobre (Cochilco), el Ministerio de Econom\u00eda, el Ministerio del Medio Ambiente, el Ministerio de Ciencia, la Agencia Nacional de Investigaci\u00f3n y Desarrollo (ANID) y el Ministerio de Miner\u00eda, consolidando un compromiso multisectorial por el desarrollo de la fundici\u00f3n y refinaci\u00f3n en el pa\u00eds.<\/p><\/div>\n<hr \/>\n","protected":false},"excerpt":{"rendered":"<p><span class='published'>Chile | 2025-09-08<\/span><\/p>\n<p>El hito se celebra en el contexto de la Estrategia Nacional de Fundici\u00f3n y Refiner\u00eda, la cual fue lanzada en 2023, con el objetivo de generar un catastro sobre la situaci\u00f3n pa\u00eds de la industria<\/p>\n","protected":false},"author":24,"featured_media":199280,"comment_status":"open","ping_status":"open","sticky":false,"template":"","format":"standard","meta":[],"categories":[12,773],"tags":[],"_links":{"self":[{"href":"https:\/\/www.portalminero.com\/wp\/wp-json\/wp\/v2\/posts\/199279"}],"collection":[{"href":"https:\/\/www.portalminero.com\/wp\/wp-json\/wp\/v2\/posts"}],"about":[{"href":"https:\/\/www.portalminero.com\/wp\/wp-json\/wp\/v2\/types\/post"}],"author":[{"embeddable":true,"href":"https:\/\/www.portalminero.com\/wp\/wp-json\/wp\/v2\/users\/24"}],"replies":[{"embeddable":true,"href":"https:\/\/www.portalminero.com\/wp\/wp-json\/wp\/v2\/comments?post=199279"}],"version-history":[{"count":1,"href":"https:\/\/www.portalminero.com\/wp\/wp-json\/wp\/v2\/posts\/199279\/revisions"}],"predecessor-version":[{"id":199294,"href":"https:\/\/www.portalminero.com\/wp\/wp-json\/wp\/v2\/posts\/199279\/revisions\/199294"}],"wp:featuredmedia":[{"embeddable":true,"href":"https:\/\/www.portalminero.com\/wp\/wp-json\/wp\/v2\/media\/199280"}],"wp:attachment":[{"href":"https:\/\/www.portalminero.com\/wp\/wp-json\/wp\/v2\/media?parent=199279"}],"wp:term":[{"taxonomy":"category","embeddable":true,"href":"https:\/\/www.portalminero.com\/wp\/wp-json\/wp\/v2\/categories?post=199279"},{"taxonomy":"post_tag","embeddable":true,"href":"https:\/\/www.portalminero.com\/wp\/wp-json\/wp\/v2\/tags?post=199279"}],"curies":[{"name":"wp","href":"https:\/\/api.w.org\/{rel}","templated":true}]}}