{"id":211165,"date":"2026-04-28T00:00:00","date_gmt":"2026-04-28T00:00:00","guid":{"rendered":"https:\/\/www.portalminero.com\/wp\/modernizacion-del-modelo-de-distribucion-electrica-sera-el-eje-central-del-debate-en-proyecta-solar-2026\/"},"modified":"2026-04-28T17:40:45","modified_gmt":"2026-04-28T17:40:45","slug":"modernizacion-del-modelo-de-distribucion-electrica-sera-el-eje-central-del-debate-en-proyecta-solar-2026","status":"publish","type":"post","link":"https:\/\/www.portalminero.com\/wp\/modernizacion-del-modelo-de-distribucion-electrica-sera-el-eje-central-del-debate-en-proyecta-solar-2026\/","title":{"rendered":"Modernizaci\u00f3n del Modelo de Distribuci\u00f3n El\u00e9ctrica ser\u00e1 el eje central del debate en Proyecta Solar 2026"},"content":{"rendered":"<h6><b>Chile<\/b><\/h6>\n<p><strong>El evento organizado por Acesol, a desarrollarse el 12 y 13 de mayo, ser\u00e1 inaugurado por la ministra de Energ\u00eda, Ximena Rinc\u00f3n, y pondr\u00e1 en el centro la evoluci\u00f3n del modelo de distribuci\u00f3n el\u00e9ctrica frente al avance de la generaci\u00f3n distribuida.<\/strong><\/p>\n<p><img class=\"imagen-noticia\" src=\"data:image\/gif;base64,R0lGODlhAQABAIAAAAAAAP\/\/\/yH5BAEAAAAALAAAAAABAAEAAAIBRAA7\" data-src=\"https:\/\/www.portalminero.com\/wp\/wp-content\/uploads\/subidos\/notasprensa\/18792_69f0e20fd6790.jpg\" alt=\"Modernizaci\u00f3n del Modelo de Distribuci\u00f3n El\u00e9ctrica ser\u00e1 el eje central del debate en Proyecta Solar 2026\" \/><noscript><img class=\"imagen-noticia\" src=\"https:\/\/www.portalminero.com\/wp\/wp-content\/uploads\/subidos\/notasprensa\/18792_69f0e20fd6790.jpg\" alt=\"Modernizaci\u00f3n del Modelo de Distribuci\u00f3n El\u00e9ctrica ser\u00e1 el eje central del debate en Proyecta Solar 2026\" \/><\/noscript><\/p>\n<div class=\"texto_prensa\" align=\"justify\"><strong>martes 28 de abril del 2026.-<\/strong>\u00a0Los pr\u00f3ximos 12 y 13 de mayo se realizar\u00e1 una nueva versi\u00f3n de Proyecta Solar, uno de los encuentros m\u00e1s relevantes de la industria de energ\u00edas renovables en Chile, organizado por la Asociaci\u00f3n Chilena de Energ\u00eda Solar (Acesol).<\/p>\n<p>La actividad tendr\u00e1 lugar en el Hotel W y, tal como en ediciones anteriores, se espera convocar a m\u00e1s de 1.500 asistentes presenciales junto a m\u00e1s de 30 expositores nacionales e internacionales. As\u00ed, la feria y la conferencia permitir\u00e1n reunir en un mismo espacio a desarrolladores, fabricantes, reguladores y l\u00edderes del sector solar de Chile y Latinoam\u00e9rica.<\/p>\n<p>El evento contar\u00e1 con la participaci\u00f3n de la ministra de Energ\u00eda, Ximena Rinc\u00f3n, quien encabezar\u00e1 la inauguraci\u00f3n, adem\u00e1s de otras autoridades, representantes del sector privado y expertos de la industria, en un contexto marcado por definiciones clave para el futuro del sistema el\u00e9ctrico del pa\u00eds.<\/p>\n<p>Proyecta Solar 2026 busca posicionarse este a\u00f1o como un espacio relevante para debatir sobre c\u00f3mo la evoluci\u00f3n del sector energ\u00e9tico impone nuevos desaf\u00edos operativos y de competitividad al resto de los actores econ\u00f3micos. Consciente de que las decisiones regulatorias y de mercado de hoy definir\u00e1n la pr\u00f3xima d\u00e9cada, esta edici\u00f3n rompe la inercia del debate interno para observar la energ\u00eda desde la perspectiva de quienes la consumen, as\u00ed, la agricultura, la miner\u00eda, los datacenters y la construcci\u00f3n tendr\u00e1n un espacio central en la conferencia.<\/p>\n<p>Al reunir en un mismo espacio a desarrolladores, fabricantes y reguladores con una vocaci\u00f3n eminentemente pr\u00e1ctica, Proyecta Solar busca ser un espacio de conversaci\u00f3n y articulaci\u00f3n de los acuerdos necesarios para transformar las exigencias energ\u00e9ticas en oportunidades de desarrollo, consolidando una industria solar que ya no solo es una vitrina, sino el motor que moviliza a toda la cadena de valor del pa\u00eds.<\/p>\n<p>Para la presidenta de Acesol, B\u00e1rbara Barbieri, seguir impulsando las energ\u00edas renovables es fundamental para Chile. \u201cAvanzar en el desarrollo de energ\u00edas renovables no solo es clave para acelerar la transici\u00f3n energ\u00e9tica, sino tambi\u00e9n para fortalecer la autonom\u00eda el\u00e9ctrica del pa\u00eds y seguir contribuyendo de manera concreta al bienestar y desarrollo econ\u00f3mico de Chile, sus empresas y sus familias. Nuestro pa\u00eds tiene una oportunidad \u00fanica de consolidar una matriz energ\u00e9tica m\u00e1s limpia, resiliente y sostenible\u201d, afirm\u00f3.<\/p>\n<p>Por su parte, el director ejecutivo de la asociaci\u00f3n, Dar\u00edo Morales, subray\u00f3 el rol que tendr\u00e1 la discusi\u00f3n regulatoria en los pr\u00f3ximos a\u00f1os: \u201cSe vienen importantes pol\u00edticas p\u00fablicas y proyectos de ley que sin duda marcar\u00e1n los pr\u00f3ximos 20 a\u00f1os de la industria de la energ\u00eda en Chile. Como asociaci\u00f3n, estamos disponibles para aportar con nuestro conocimiento t\u00e9cnico y la experiencia de nuestros socios, con el objetivo de contribuir a una regulaci\u00f3n que est\u00e9 a la altura de los desaf\u00edos que plantean las nuevas energ\u00edas y el sistema el\u00e9ctrico del futuro. Y en ese contexto, Proyecta Solar se transforma en un espacio clave para abordar estos desaf\u00edos, generar di\u00e1logo p\u00fablico-privado y avanzar en definiciones que permitan acelerar la transici\u00f3n energ\u00e9tica, con la energ\u00eda solar como uno de sus principales motores\u201d.<\/p>\n<p>P\u00f3lux, agencia de comunicaciones especializada en materias de energ\u00eda y sostenibilidad, ser\u00e1 parte activa de la versi\u00f3n 2026 de Proyecta Solar, como media partner -por segundo a\u00f1o consecutivo-, pero, adem\u00e1s, estar\u00e1 a cargo de la conducci\u00f3n del evento, a trav\u00e9s de su directora ejecutiva, Fernanda Varela.<\/p>\n<p>Para m\u00e1s informaci\u00f3n: <a href=\"https:\/\/www.proyectasolar.cl\/\">www.proyectasolar.cl<\/a><\/div>\n<hr \/>\n","protected":false},"excerpt":{"rendered":"<p>El evento organizado por Acesol, a desarrollarse el 12 y 13 de mayo, ser\u00e1 inaugurado por la ministra de Energ\u00eda, Ximena Rinc\u00f3n, y pondr\u00e1 en el centro la evoluci\u00f3n del modelo de distribuci\u00f3n el\u00e9ctrica frente al avance de la generaci\u00f3n distribuida.<\/p>\n","protected":false},"author":24,"featured_media":211166,"comment_status":"open","ping_status":"open","sticky":false,"template":"","format":"standard","meta":[],"categories":[60],"tags":[],"_links":{"self":[{"href":"https:\/\/www.portalminero.com\/wp\/wp-json\/wp\/v2\/posts\/211165"}],"collection":[{"href":"https:\/\/www.portalminero.com\/wp\/wp-json\/wp\/v2\/posts"}],"about":[{"href":"https:\/\/www.portalminero.com\/wp\/wp-json\/wp\/v2\/types\/post"}],"author":[{"embeddable":true,"href":"https:\/\/www.portalminero.com\/wp\/wp-json\/wp\/v2\/users\/24"}],"replies":[{"embeddable":true,"href":"https:\/\/www.portalminero.com\/wp\/wp-json\/wp\/v2\/comments?post=211165"}],"version-history":[{"count":1,"href":"https:\/\/www.portalminero.com\/wp\/wp-json\/wp\/v2\/posts\/211165\/revisions"}],"predecessor-version":[{"id":211167,"href":"https:\/\/www.portalminero.com\/wp\/wp-json\/wp\/v2\/posts\/211165\/revisions\/211167"}],"wp:featuredmedia":[{"embeddable":true,"href":"https:\/\/www.portalminero.com\/wp\/wp-json\/wp\/v2\/media\/211166"}],"wp:attachment":[{"href":"https:\/\/www.portalminero.com\/wp\/wp-json\/wp\/v2\/media?parent=211165"}],"wp:term":[{"taxonomy":"category","embeddable":true,"href":"https:\/\/www.portalminero.com\/wp\/wp-json\/wp\/v2\/categories?post=211165"},{"taxonomy":"post_tag","embeddable":true,"href":"https:\/\/www.portalminero.com\/wp\/wp-json\/wp\/v2\/tags?post=211165"}],"curies":[{"name":"wp","href":"https:\/\/api.w.org\/{rel}","templated":true}]}}