{"id":86761,"date":"2019-10-16T00:00:00","date_gmt":"2019-10-16T00:00:00","guid":{"rendered":"https:\/\/www.portalminero.com\/wp\/estamos-perdiendo-la-lucha-contra-el-cambio-climatico\/"},"modified":"2020-01-27T15:02:16","modified_gmt":"2020-01-27T15:02:16","slug":"estamos-perdiendo-la-lucha-contra-el-cambio-climatico","status":"publish","type":"post","link":"https:\/\/www.portalminero.com\/wp\/estamos-perdiendo-la-lucha-contra-el-cambio-climatico\/","title":{"rendered":"\u00bfEstamos perdiendo la lucha contra el cambio clim\u00e1tico?"},"content":{"rendered":"<h4><b>Giovanni Calder\u00f3n &#8211; Director Ejecutivo Agencia de Sustentabilidad y Cambio Clim\u00e1tico<\/b><\/h4>\n<p><img class=\"imagen-columna\" src=\"data:image\/gif;base64,R0lGODlhAQABAIAAAAAAAP\/\/\/yH5BAEAAAAALAAAAAABAAEAAAIBRAA7\" data-src=\"https:\/\/www.portalminero.com\/wp\/wp-content\/uploads\/subidos\/columnas\/641_5da714841b267.jpg\" alt=\"Giovanni Calder\u00f3n - Director Ejecutivo Agencia de Sustentabilidad y Cambio Clim\u00e1tico\" \/><noscript><img class=\"imagen-columna\" src=\"https:\/\/www.portalminero.com\/wp\/wp-content\/uploads\/subidos\/columnas\/641_5da714841b267.jpg\" alt=\"Giovanni Calder\u00f3n - Director Ejecutivo Agencia de Sustentabilidad y Cambio Clim\u00e1tico\" \/><\/noscript><\/p>\n<div class=\"texto_prensa\">\n<p><strong>mi\u00e9rcoles 16 de octubre del 2019.- <\/strong>Los \u00faltimos d\u00edas han marcado la \u00abprevia\u00bb de lo que ser\u00e1 la COP 25 en nuestro pa\u00eds. La Cumbre por el Clima de Naciones Unidas en Nueva York, la sesi\u00f3n del IPCC en M\u00f3naco, donde se finaliz\u00f3 el Informe Especial sobre Oc\u00e9anos y Cri\u00f3sfera, junto con las manifestaciones ciudadanas en todo el mundo lideradas por la joven activista sueca Greta Thunberg, dan cuenta de la urgente necesidad de dar respuesta a lo que clama el planeta: es hora de pasar a la acci\u00f3n para enfrentar la emergencia clim\u00e1tica.<\/p>\n<p>Los \u00faltimos informes de los expertos de la ONU indican que las actuales contribuciones anunciadas por los pa\u00edses distan mucho de los objetivos del Acuerdo de Par\u00eds. Al paso que vamos, seg\u00fan los expertos del IPCC, nos alejamos totalmente de la reducci\u00f3n necesaria del 45% de emisiones al 2030 para mantener el aumento de la temperatura por debajo del 1,5\u00b0C. Por el contrario, las emisiones de gases de efecto invernadero siguen creciendo a un ritmo de casi el 2% anual y, si no se act\u00faa con celeridad, los term\u00f3metros podr\u00edan llegar a subir hasta 3\u00b0C.<\/p>\n<p>Hoy, la falta de ambici\u00f3n clim\u00e1tica de los pa\u00edses est\u00e1 en el centro del debate p\u00fablico y los plazos para estabilizar el sistema atmosf\u00e9rico y clim\u00e1tico est\u00e1n por expirar. Como sentenci\u00f3 Antonio Guterrez, secretario general de Naciones Unidas, \u00bfestamos perdiendo la lucha contra el cambio clim\u00e1tico?<\/p>\n<p>Con miras a la cumbre COP 25, la ONU entreg\u00f3 a Chile las banderas de un liderazgo excepcional en la regi\u00f3n. En ese sentido, el presidente Sebasti\u00e1n Pi\u00f1era lanz\u00f3 en Nueva York una Alianza para la Ambici\u00f3n Clim\u00e1tica, que convoca a los pa\u00edses para que se comprometan a actualizar las Contribuciones Determinadas a nivel Nacional y adoptar planes para llegar a la carbono neutralidad al 2040. Ya se han sumado 66 pa\u00edses pero convencerlos a todos no es tarea f\u00e1cil.<\/p>\n<p>Esto es un anticipo de lo que se vivir\u00e1 en la COP 25, en un mundo alineado entre los que le creen a la ciencia y los esc\u00e9pticos de la amenaza real que significa el cambio clim\u00e1tico para el planeta. Dado sus intereses econ\u00f3micos y pol\u00edticos, muchos gobiernos y l\u00edderes mundiales no muestran disposici\u00f3n a adherir a metas de reducci\u00f3n de emisiones m\u00e1s ambiciosas. Y ni qu\u00e9 decir de Estados Unidos o de China, pa\u00edses a los que emplaz\u00f3 el presidente Pi\u00f1era por estar enfrascados en una guerra comercial, totalmente ajenos a temas tan cruciales para el futuro de la humanidad.<\/p>\n<p>Sin duda, la COP 25 ser\u00e1 un gran hito para validar una hoja de ruta que apunte a una acci\u00f3n clim\u00e1tica m\u00e1s ambiciosa, de cara a la cumbre de Glasgow (Escocia) en diciembre del 2020, en que se aprobar\u00e1n las nuevas contribuciones que puedan poner l\u00edmite al calentamiento. Para Chile, ser\u00e1 una oportunidad inmejorable que le permitir\u00e1 posicionarse, no solo como anfitri\u00f3n, sino como un actor destacado para impulsar los acuerdos que se requieren para cumplir con los compromisos adquiridos en el Acuerdo de Paris.<\/p>\n<p>El futuro se discute hoy. Es hora de actuar y ponerle freno a la temperatura del planeta. De lo contrario, las futuras generaciones no nos perdonar\u00e1n la herencia catastr\u00f3fica de sucesos clim\u00e1ticos extremos que advierte el mundo cient\u00edfico.<\/p>\n<\/div>\n<hr \/>\n<p>Giovanni Calder\u00f3n &#8211; Director Ejecutivo Agencia de Sustentabilidad y Cambio Clim\u00e1tico<\/p>\n","protected":false},"excerpt":{"rendered":"<p>Giovanni Calder\u00f3n &#8211; Director Ejecutivo Agencia de Sustentabilidad y Cambio Clim\u00e1tico<\/p>\n","protected":false},"author":7,"featured_media":86762,"comment_status":"open","ping_status":"open","sticky":false,"template":"","format":"standard","meta":[],"categories":[13],"tags":[],"_links":{"self":[{"href":"https:\/\/www.portalminero.com\/wp\/wp-json\/wp\/v2\/posts\/86761"}],"collection":[{"href":"https:\/\/www.portalminero.com\/wp\/wp-json\/wp\/v2\/posts"}],"about":[{"href":"https:\/\/www.portalminero.com\/wp\/wp-json\/wp\/v2\/types\/post"}],"author":[{"embeddable":true,"href":"https:\/\/www.portalminero.com\/wp\/wp-json\/wp\/v2\/users\/7"}],"replies":[{"embeddable":true,"href":"https:\/\/www.portalminero.com\/wp\/wp-json\/wp\/v2\/comments?post=86761"}],"version-history":[{"count":2,"href":"https:\/\/www.portalminero.com\/wp\/wp-json\/wp\/v2\/posts\/86761\/revisions"}],"predecessor-version":[{"id":91543,"href":"https:\/\/www.portalminero.com\/wp\/wp-json\/wp\/v2\/posts\/86761\/revisions\/91543"}],"wp:featuredmedia":[{"embeddable":true,"href":"https:\/\/www.portalminero.com\/wp\/wp-json\/wp\/v2\/media\/86762"}],"wp:attachment":[{"href":"https:\/\/www.portalminero.com\/wp\/wp-json\/wp\/v2\/media?parent=86761"}],"wp:term":[{"taxonomy":"category","embeddable":true,"href":"https:\/\/www.portalminero.com\/wp\/wp-json\/wp\/v2\/categories?post=86761"},{"taxonomy":"post_tag","embeddable":true,"href":"https:\/\/www.portalminero.com\/wp\/wp-json\/wp\/v2\/tags?post=86761"}],"curies":[{"name":"wp","href":"https:\/\/api.w.org\/{rel}","templated":true}]}}