{"id":87170,"date":"2019-10-29T00:08:30","date_gmt":"2019-10-29T00:08:30","guid":{"rendered":"https:\/\/www.portalminero.com\/wp\/sonami-por-cambio-de-gabinete-esperamos-aporte-en-la-construccion-de-un-dialogo-con-la-sociedad-civil\/"},"modified":"2020-01-23T19:50:19","modified_gmt":"2020-01-23T19:50:19","slug":"sonami-por-cambio-de-gabinete-esperamos-aporte-en-la-construccion-de-un-dialogo-con-la-sociedad-civil","status":"publish","type":"post","link":"https:\/\/www.portalminero.com\/wp\/sonami-por-cambio-de-gabinete-esperamos-aporte-en-la-construccion-de-un-dialogo-con-la-sociedad-civil\/","title":{"rendered":"Sonami por cambio de Gabinete: \u00abEsperamos aporte en la construcci\u00f3n de un di\u00e1logo con la sociedad civil\u00bb"},"content":{"rendered":"<h6><em>Chile<\/em><\/h6>\n<p><b>Desde el gremio entregaron su parecer respecto al cambio de Gabinete, que trajo como consecuencia cambios en ocho ministerios. En cuanto a la cartera de Miner\u00eda, Baldo Prokurica contin\u00faa liderando.<\/b><\/p>\n<p><img class=\"imagen-noticia\" src=\"data:image\/gif;base64,R0lGODlhAQABAIAAAAAAAP\/\/\/yH5BAEAAAAALAAAAAABAAEAAAIBRAA7\" data-src=\"https:\/\/pm.portalminero.com\/images\/noticias\/5db8310dc3784.jpg\" \/><noscript><img class=\"imagen-noticia\" src=\"https:\/\/pm.portalminero.com\/images\/noticias\/5db8310dc3784.jpg\" \/><\/noscript><\/p>\n<div class=\"texto_prensa\" align=\"justify\"><strong>martes 29 de octubre del 2019.-<\/strong> Ayer se produjo el esperado cambio de Gabinete, donde el Presidente Sebasti\u00e1n Pi\u00f1era, decidi\u00f3 modificar ocho de sus ministerios.<\/p>\n<p>Esto, en medio del conflicto socio-pol\u00edtico que afecta al pa\u00eds y donde la industria minera no ha estado ajena.<\/p>\n<p>Al respecto, el presidente de la Sociedad Nacional de Miner\u00eda (Sonami), Diego Hern\u00e1ndez, manifest\u00f3 que \u00abdesde la Sonami expresamos nuestro anhelo de que el cambio de Gabinete realizado por el Presidente de la Rep\u00fablica, aporte en la construcci\u00f3n de un di\u00e1logo con la sociedad civil y en la canalizaci\u00f3n de las demandas ciudadanas por la v\u00eda institucional. Por ello, deseamos \u00e9xito y como gremio expresamos nuestra disposici\u00f3n para dialogar y contribuir a la paz social\u00bb.<\/p>\n<p>\u00abAsimismo, vemos que los cambios realizados se dan en carteras que son muy relevantes, tanto para responder a la contingencia, como para construir una agenda de cambios que se haga cargo de los anhelos y aspiraciones de la ciudadan\u00eda, con una mirada de largo plazo\u00bb, puntualiz\u00f3 Hern\u00e1ndez.<\/p>\n<p>En lo que respecta a la industria, Baldo Prokurica contin\u00faa liderando en Ministerio de Miner\u00eda.<\/p><\/div>\n<hr \/>\n<p>Portal Minero<\/p>\n","protected":false},"excerpt":{"rendered":"<p><span class='published'>Chile | 2019-10-29<\/span><\/p>\n<p>Desde el gremio entregaron su parecer respecto al cambio de gabinete, que trajo como consecuencia cambios en ocho ministerios. En cuanto a la cartera de Miner\u00eda, Baldo Prokurica contin\u00faa liderando.<\/p>\n","protected":false},"author":7,"featured_media":87171,"comment_status":"open","ping_status":"open","sticky":false,"template":"","format":"standard","meta":[],"categories":[12],"tags":[],"_links":{"self":[{"href":"https:\/\/www.portalminero.com\/wp\/wp-json\/wp\/v2\/posts\/87170"}],"collection":[{"href":"https:\/\/www.portalminero.com\/wp\/wp-json\/wp\/v2\/posts"}],"about":[{"href":"https:\/\/www.portalminero.com\/wp\/wp-json\/wp\/v2\/types\/post"}],"author":[{"embeddable":true,"href":"https:\/\/www.portalminero.com\/wp\/wp-json\/wp\/v2\/users\/7"}],"replies":[{"embeddable":true,"href":"https:\/\/www.portalminero.com\/wp\/wp-json\/wp\/v2\/comments?post=87170"}],"version-history":[{"count":2,"href":"https:\/\/www.portalminero.com\/wp\/wp-json\/wp\/v2\/posts\/87170\/revisions"}],"predecessor-version":[{"id":91068,"href":"https:\/\/www.portalminero.com\/wp\/wp-json\/wp\/v2\/posts\/87170\/revisions\/91068"}],"wp:featuredmedia":[{"embeddable":true,"href":"https:\/\/www.portalminero.com\/wp\/wp-json\/wp\/v2\/media\/87171"}],"wp:attachment":[{"href":"https:\/\/www.portalminero.com\/wp\/wp-json\/wp\/v2\/media?parent=87170"}],"wp:term":[{"taxonomy":"category","embeddable":true,"href":"https:\/\/www.portalminero.com\/wp\/wp-json\/wp\/v2\/categories?post=87170"},{"taxonomy":"post_tag","embeddable":true,"href":"https:\/\/www.portalminero.com\/wp\/wp-json\/wp\/v2\/tags?post=87170"}],"curies":[{"name":"wp","href":"https:\/\/api.w.org\/{rel}","templated":true}]}}