{"id":89723,"date":"2020-01-16T00:08:30","date_gmt":"2020-01-16T00:08:30","guid":{"rendered":"https:\/\/www.portalminero.com\/wp\/codelco-acusa-a-chilena-consolidada-de-formar-parte-del-fraude-orquestado\/"},"modified":"2020-01-16T13:11:03","modified_gmt":"2020-01-16T13:11:03","slug":"codelco-acusa-a-chilena-consolidada-de-formar-parte-del-fraude-orquestado","status":"publish","type":"post","link":"https:\/\/www.portalminero.com\/wp\/codelco-acusa-a-chilena-consolidada-de-formar-parte-del-fraude-orquestado\/","title":{"rendered":"Codelco acusa a Chilena Consolidada de formar parte del \u00abfraude orquestado\u00bb"},"content":{"rendered":"<h6><em>Chile<\/em><\/h6>\n<p><b>La estatal present\u00f3 una medida prejudicial en contra de la aseguradora, solicit\u00e1ndole documentos para hacer efectiva la demanda.<\/b><\/p>\n<p><img class=\"imagen-noticia\" src=\"data:image\/gif;base64,R0lGODlhAQABAIAAAAAAAP\/\/\/yH5BAEAAAAALAAAAAABAAEAAAIBRAA7\" data-src=\"http:\/\/pm.portalminero.com\/images\/noticias\/5e2056479aab3.jpg\" \/><noscript><img class=\"imagen-noticia\" src=\"http:\/\/pm.portalminero.com\/images\/noticias\/5e2056479aab3.jpg\" \/><\/noscript><\/p>\n<div class=\"texto_prensa\" align=\"justify\">\n<p><strong>jueves 16 de enero del 2020.-<\/strong>\u00a0La batalla judicial de Codelco en contra de los involucrados en el supuesto fraude por sobrecostos de seguros de vida para los sindicatos de Chuquicamata y Radomiro Tomic, contin\u00faa con fuerza.<\/p>\n<p>En la jornada de ayer, la estatal present\u00f3 una medida prejudicial en contra la aseguradora Chilena Consolidada -controlada por Zurich Insurance Group-, acus\u00e1ndola de ser parte de la \u00abmaquinaci\u00f3n defraudadora\u00bb, querella en la que la cuprera acusa un prejuicio econ\u00f3mico de US$22 millones.<\/p>\n<p>\u00abCodelco ha sido v\u00edctima de un fraude orquestado por una serie de entidades y personas, una de las cuales es la compa\u00f1\u00eda aseguradora Chilena Consolidada\u00bb, calific\u00f3 la cuprera en su escrito presentado por el Estudio Vergara, Labarca &amp; C\u00eda -espec\u00edficamente elaborado por el abogado Raimundo Labarca, quien defendi\u00f3 en el Caso Cascada a Julio Ponce Lerou-, quienes los representar\u00e1n en el caso.<\/p>\n<p>En el documento se explic\u00f3 que la maquinaci\u00f3n defraudatoria estuvo destinada a abultar artificialmente el valor de las primas de los seguros que Codelco debi\u00f3 contribuir a pagar y financiar. Se agreg\u00f3 que, como consecuencia de lo anterior, en vez de pagar los valores de mercado, tuvieron que desembolsar durante \u00ablargos a\u00f1os un sobreprecio significativo, injustificado y a todas luces fraudulento y re\u00f1ido con el ordenamiento jur\u00eddico\u00bb.<\/p>\n<p>Sin embargo, Codelco explic\u00f3 en su defensa que desconocen los detalles de c\u00f3mo se relacionaron los distintos participantes del fraude, pero que \u00abresulta innegable\u00bb que la aseguradora Chilena Consolidada ha sido parte relevante.<\/p>\n<p>\u00abSin ir m\u00e1s lejos, la totalidad de las p\u00f3lizas de seguro cobradas con un sobreprecio fueron emitidas por dicha aseguradora, en condiciones a todas luces irregulares y an\u00f3malas, conforme quedar\u00e1 de manifiesto m\u00e1s adelante\u00bb, se asegur\u00f3 en el escrito.<\/p>\n<p>Por lo mismo, la demandante solicit\u00f3 los contratos relativos a las coberturas para luego hacer efectiva la demanda. \u00abCodelco no cuenta con este conjunto de contratos relativos a las coberturas \u2018fantasmas\u2019, siendo \u00e9stos indudablemente relevantes para conocer la naturaleza del v\u00ednculo entre estas compa\u00f1\u00edas y la participaci\u00f3n que cada una de ellas tuvo en el fraude materia de la demanda que mi representada se propone deducir\u00bb.<\/p>\n<p><strong>Irregularidades reconocidas<\/strong><\/p>\n<p>Chilena Consolidada ya le reconoci\u00f3 y confes\u00f3 a Codelco las irregularidades y anomal\u00edas por los seguros de vida de los sindicatos involucrados. Es m\u00e1s, hace tres meses que la aseguradora le ofreci\u00f3 a la estatal firmar un documento para formalizar la devoluci\u00f3n de parte de las primas pagadas en exceso. Sin embargo, la futura demandada quer\u00eda devolver lo cobrado en exceso, pero s\u00f3lo del \u00faltimo a\u00f1o y no de los 14 que estuvo contratada.<\/p>\n<p>Por \u00faltimo, Codelco solicit\u00f3 a la aseguradora que les d\u00e9 a conocer el informe final y las conclusiones de la investigaci\u00f3n<\/p>\n<\/div>\n<hr \/>\n<p>Pulso \/ La Tercera<\/p>\n","protected":false},"excerpt":{"rendered":"<p><span class='published'>Chile | 2020-01-16<\/span><\/p>\n<p>La estatal present\u00f3 una medida prejudicial en contra de la aseguradora, solicit\u00e1ndole documentos para hacer efectiva la demanda.<\/p>\n","protected":false},"author":7,"featured_media":89724,"comment_status":"open","ping_status":"open","sticky":false,"template":"","format":"standard","meta":[],"categories":[12],"tags":[79,7],"_links":{"self":[{"href":"https:\/\/www.portalminero.com\/wp\/wp-json\/wp\/v2\/posts\/89723"}],"collection":[{"href":"https:\/\/www.portalminero.com\/wp\/wp-json\/wp\/v2\/posts"}],"about":[{"href":"https:\/\/www.portalminero.com\/wp\/wp-json\/wp\/v2\/types\/post"}],"author":[{"embeddable":true,"href":"https:\/\/www.portalminero.com\/wp\/wp-json\/wp\/v2\/users\/7"}],"replies":[{"embeddable":true,"href":"https:\/\/www.portalminero.com\/wp\/wp-json\/wp\/v2\/comments?post=89723"}],"version-history":[{"count":2,"href":"https:\/\/www.portalminero.com\/wp\/wp-json\/wp\/v2\/posts\/89723\/revisions"}],"predecessor-version":[{"id":89734,"href":"https:\/\/www.portalminero.com\/wp\/wp-json\/wp\/v2\/posts\/89723\/revisions\/89734"}],"wp:featuredmedia":[{"embeddable":true,"href":"https:\/\/www.portalminero.com\/wp\/wp-json\/wp\/v2\/media\/89724"}],"wp:attachment":[{"href":"https:\/\/www.portalminero.com\/wp\/wp-json\/wp\/v2\/media?parent=89723"}],"wp:term":[{"taxonomy":"category","embeddable":true,"href":"https:\/\/www.portalminero.com\/wp\/wp-json\/wp\/v2\/categories?post=89723"},{"taxonomy":"post_tag","embeddable":true,"href":"https:\/\/www.portalminero.com\/wp\/wp-json\/wp\/v2\/tags?post=89723"}],"curies":[{"name":"wp","href":"https:\/\/api.w.org\/{rel}","templated":true}]}}