{"id":96324,"date":"2020-02-24T00:00:00","date_gmt":"2020-02-24T00:00:00","guid":{"rendered":"https:\/\/www.portalminero.com\/wp\/empresas-colaboradoras-del-area-mina-intercambian-experiencias-en-gabriela-mistral\/"},"modified":"2020-02-24T00:00:00","modified_gmt":"2020-02-24T00:00:00","slug":"empresas-colaboradoras-del-area-mina-intercambian-experiencias-en-gabriela-mistral","status":"publish","type":"post","link":"https:\/\/www.portalminero.com\/wp\/empresas-colaboradoras-del-area-mina-intercambian-experiencias-en-gabriela-mistral\/","title":{"rendered":"Empresas colaboradoras del \u00e1rea mina intercambian experiencias en Gabriela Mistral"},"content":{"rendered":"<h6><b>Chile<\/b><\/h6>\n<p>La iniciativa surgi\u00f3 de trabajadoras y trabajadores contratistas en las reflexiones y conversaciones de seguridad organizadas por la divisi\u00f3n.<\/p>\n<p><img class=\"imagen-noticia\" src=\"https:\/\/www.portalminero.com\/wp\/wp-content\/uploads\/subidos\/notasprensa\/13436_5e542baaeba2f.jpg\" alt=\"Empresas colaboradoras del \u00e1rea mina intercambian experiencias en Gabriela Mistral\"><\/p>\n<div align=\"justify\" class=\"texto_prensa\"><strong>lunes 24 de febrero del 2020.-<\/strong>&nbsp;Con el objetivo de crear instancias de confianza y colaboraci&oacute;n para una cultura m&aacute;s segura, se acogi&oacute; la actividad propuesta por las trabajadoras y trabajadores de las empresas colaboradoras de intercambiar y mostrar la &quot;pega&quot; que se realiza en el &aacute;rea mantenci&oacute;n, espec&iacute;ficamente en el taller de camiones y aleda&ntilde;os.<\/p>\n<p>La primera instancia formal fue liderada por representantes de la empresa Komatsu y ahora, en su segunda jornada, por mec\u00e1nicos de la empresa Bailac del Taller de Mantenci\u00f3n de Neum\u00e1ticos y en la que participaron integrantes de Komatsu, Finning, Colina Verde, Schwager, Enaex, Joy Global, Cummins y Bailac.<\/p>\n<p>La actividad comenz\u00f3 con las palabras del gerente general de la divisi\u00f3n Gabriela Mistral, Sergio Herbage, quien valor\u00f3 la propuesta. \u00abQueremos cambiar el concepto de seguridad, por una cultura m\u00e1s proactiva y menos reactiva y \u00e9ste es un buen ejemplo de aquello\u00bb, afirm\u00f3 el ejecutivo.<\/p>\n<p>Adem\u00e1s, reflexion\u00f3 que el ideal es apuntar a una autogesti\u00f3n de los riesgos y abord\u00f3 el proceso que est\u00e1 realizando la Gerencia de Seguridad y Salud Ocupacional, liderada por su gerente, Edson Barrera, en simplificar la cantidad de documentos. \u00abPara que funcione se necesita la colaboraci\u00f3n de todas y todos\u00bb, agreg\u00f3 Herbage.<\/p>\n<p><strong>Compartir para generar confianzas<\/strong><\/p>\n<p>Los contenidos abordaron temas generales del servicio de mantenci\u00f3n y control de los neum\u00e1ticos en faena para una operaci\u00f3n segura. Tambi\u00e9n se explicaron las distintas variables relacionadas, como lo son, el sistema de captura de datos inal\u00e1mbricos de presi\u00f3n de inflado y temperatura y el control de desgaste y da\u00f1os (separaciones y cortes), entre otras.<\/p>\n<p>Los trabajadores Luis Vedia y Elier Carrasco, de la empresa Bailac, lideraron las exposiciones sobre los principales factores de seguridad que se deben considerar en el buen uso y control de neum\u00e1ticos y c\u00f3mo estos factores tambi\u00e9n se pueden aplicar en la vida diaria al usar camionetas o autom\u00f3viles.<\/p>\n<p>Cristian Fuentes, supervisor de la empresa Bailac, tambi\u00e9n apoy\u00f3 en la presentaci\u00f3n y explic\u00f3 el prop\u00f3sito de esta pr\u00e1ctica. \u00abLa iniciativa nace por conocer m\u00e1s el trabajo del colega y vecino. Siempre estamos interactuando y \u00e9stas instancias son importantes porque se comparte de t\u00fa a t\u00fa, hay m\u00e1s confianza\u00bb, manifest\u00f3.<\/p>\n<p>Por su parte, Jonathan Contreras, mec\u00e1nico de Finning, explic\u00f3 que \u00aben este tipo de espacios se aprende lo que hacen nuestras compa\u00f1eras y compa\u00f1eros de trabajo. Adem\u00e1s, podemos observar las distintas medidas de seguridad que tiene cada labor, que son diferentes, pero que apuntan al mismo fin\u00bb, explic\u00f3.<\/p>\n<p>El gerente de Seguridad de Gabriela Mistral, Edson Barrera, puntualiz\u00f3 que estas experiencias buscan asociar los conocimientos del trabajo con los de la vida cotidiana, para as\u00ed crear una verdadera cultura preventiva y que se proyecte m\u00e1s all\u00e1 del \u00e1mbito laboral.<\/p>\n<p>Esta buena pr\u00e1ctica de aprendizaje interactiva se mantendr\u00e1 en la divisi\u00f3n y se aplicar\u00e1 en otras \u00e1reas y contratos.\n<\/div>\n<hr>\n<p>Codelco<\/p>\n","protected":false},"excerpt":{"rendered":"<p>La iniciativa surgi\u00f3 de trabajadoras y trabajadores contratistas en las reflexiones y conversaciones de seguridad organizadas por la divisi\u00f3n.<\/p>\n","protected":false},"author":7,"featured_media":96325,"comment_status":"open","ping_status":"open","sticky":false,"template":"","format":"standard","meta":[],"categories":[60],"tags":[],"_links":{"self":[{"href":"https:\/\/www.portalminero.com\/wp\/wp-json\/wp\/v2\/posts\/96324"}],"collection":[{"href":"https:\/\/www.portalminero.com\/wp\/wp-json\/wp\/v2\/posts"}],"about":[{"href":"https:\/\/www.portalminero.com\/wp\/wp-json\/wp\/v2\/types\/post"}],"author":[{"embeddable":true,"href":"https:\/\/www.portalminero.com\/wp\/wp-json\/wp\/v2\/users\/7"}],"replies":[{"embeddable":true,"href":"https:\/\/www.portalminero.com\/wp\/wp-json\/wp\/v2\/comments?post=96324"}],"version-history":[{"count":0,"href":"https:\/\/www.portalminero.com\/wp\/wp-json\/wp\/v2\/posts\/96324\/revisions"}],"wp:featuredmedia":[{"embeddable":true,"href":"https:\/\/www.portalminero.com\/wp\/wp-json\/wp\/v2\/media\/96325"}],"wp:attachment":[{"href":"https:\/\/www.portalminero.com\/wp\/wp-json\/wp\/v2\/media?parent=96324"}],"wp:term":[{"taxonomy":"category","embeddable":true,"href":"https:\/\/www.portalminero.com\/wp\/wp-json\/wp\/v2\/categories?post=96324"},{"taxonomy":"post_tag","embeddable":true,"href":"https:\/\/www.portalminero.com\/wp\/wp-json\/wp\/v2\/tags?post=96324"}],"curies":[{"name":"wp","href":"https:\/\/api.w.org\/{rel}","templated":true}]}}