{"id":96563,"date":"2020-03-03T00:00:00","date_gmt":"2020-03-03T00:00:00","guid":{"rendered":"https:\/\/www.portalminero.com\/wp\/copec-voltex-acerca-la-electromovilidad-al-transporte-publico-regional\/"},"modified":"2020-03-03T00:00:00","modified_gmt":"2020-03-03T00:00:00","slug":"copec-voltex-acerca-la-electromovilidad-al-transporte-publico-regional","status":"publish","type":"post","link":"https:\/\/www.portalminero.com\/wp\/copec-voltex-acerca-la-electromovilidad-al-transporte-publico-regional\/","title":{"rendered":"Copec Voltex acerca la electromovilidad al transporte p\u00fablico regional"},"content":{"rendered":"<h6><b>Chile<\/b><\/h6>\n<p>La compa\u00f1\u00eda contin\u00faa desarrollando una oferta integral de servicios en movilidad sustentable, dando sus primeros pasos en el transporte p\u00fablico, para contribuir al objetivo de masificar la electromovilidad y llevar sus beneficios a todo Chile.<\/p>\n<p><img class=\"imagen-noticia\" src=\"https:\/\/www.portalminero.com\/wp\/wp-content\/uploads\/subidos\/notasprensa\/13443_5e5e9e111f257.jpg\" alt=\"Copec Voltex acerca la electromovilidad al transporte p\u00fablico regional\"><\/p>\n<div align=\"justify\" class=\"texto_prensa\"><strong>martes 03 de marzo del 2020.-<\/strong>&nbsp;Las primeras pruebas para llevar la electromovilidad al transporte p&uacute;blico de la regi&oacute;n de la Araucan&iacute;a se realizaron este lunes en la ciudad de Villarrica. La actividad cont&oacute; con la presencia del Intendente Regional, V&iacute;ctor Manoli Nazal; el seremi de Transportes y Telecomunicaciones, Luis Calder&oacute;n Ram&iacute;rez; el alcalde de Villarrica, Pablo Astete; el jefe del &aacute;rea de Nueva Movilidad de Copec; Francisco Larrondo y el gerente de zona de Kaufmann, Max Kaufmann.<\/p>\n<p>Con el objetivo de evaluar la puesta en marcha y masificaci\u00f3n del est\u00e1ndar de buses el\u00e9ctricos del sistema Red en la regi\u00f3n de la Araucan\u00eda, desde el frontis de la Municipalidad de Villarrica comenz\u00f3 el primer recorrido del veh\u00edculo abastecido por un cargador Copec Voltex. El bus el\u00e9ctrico, suministrado por la compa\u00f1\u00eda Kaufmann, realizar\u00e1 servicios de transporte gratuitos durante dos semanas en Villarrica, para luego trasladarse a otras regiones del pa\u00eds.<\/p>\n<p>\u00abEstamos realizando todos los esfuerzos que sean necesarios, dentro de un modelo de asociatividad con el mundo privado y p\u00fablico, para que nuestro pa\u00eds cuente con una infraestructura de carga para veh\u00edculos el\u00e9ctricos robusta y confiable\u00bb, explic\u00f3 Francisco Larrondo, jefe de Nueva Movilidad de Copec.<\/p>\n<p>\u00abEn Copec estamos comprometidos con el desarrollo del pa\u00eds y con entregar el mejor servicio a nuestros clientes, y es por ello que hemos desarrollado una visi\u00f3n integral que busca ampliar nuestra oferta de valor en movilidad sustentable. Nuestra red de carga r\u00e1pida Copec Voltex comenz\u00f3 como una soluci\u00f3n para usuarios de veh\u00edculos el\u00e9ctricos en nuestras Estaciones de Servicio, luego creci\u00f3 hacia los espacios p\u00fabicos, a la industria y el segmento domiciliario, y ahora nos hemos propuesto el objetivo de colaborar en el desafi\u00f3 de elevar los est\u00e1ndares medioambientales del transporte p\u00fablico para beneficiar cada d\u00eda a m\u00e1s chilenos y chilenas\u00bb, agreg\u00f3.<\/p>\n<p>De esta manera, frente a los desaf\u00edos medioambientales presentes y futuros, Copec est\u00e1 profundizando su compromiso de acercar la movilidad sustentable a todo el pa\u00eds, contribuyendo al objetivo global de acelerar la transici\u00f3n energ\u00e9tica.<\/p>\n<p><strong>Copec Voltex<\/strong><\/p>\n<p>A trav\u00e9s del \u00e1rea de Nueva Movilidad, Copec ha estado impulsando fuertemente la introducci\u00f3n de la electromovilidad en Chile. Hoy la red de carga r\u00e1pida Copec Voltex cuenta con 1.400 kil\u00f3metros, uniendo la regi\u00f3n de Coquimbo con La Araucan\u00eda.<\/p>\n<p>Adem\u00e1s, en octubre de 2019, Copec y ProCobre inauguraron la Electro Ruta del Cobre, iniciativa que dotar\u00e1 de puntos de carga a las ciudades de Antofagasta, Calama y San Pedro de Atacama. Sumado a ello, en el marco de una alianza p\u00fablico-privada, el Gobierno Regional Metropolitano y Copec lanzaron, en noviembre de 2019, la \u00abRed de Carga P\u00fablica para Veh\u00edculos El\u00e9ctricos de la Regi\u00f3n Metropolitana\u00bb, que constar\u00e1 de 104 puntos de carga semi-r\u00e1pida, de 22 kW., en espacios de uso p\u00fablico en cada una de las 52 comunas de la RM (1 a 3 cargadores por comuna), lo que la transformar\u00e1 en la m\u00e1s grande de Sudam\u00e9rica.<\/p>\n<p>Por otra parte, la compa\u00f1\u00eda ha estado desarrollando una serie de proyectos de electromovilidad con clientes industriales, como el primer bus interurbano el\u00e9ctrico de Chile junto a Turbus, abastecido por un cargador Copec Voltex de alta potencia, o el primer eco-cargador solar de Sudam\u00e9rica, junto a SQM, que est\u00e1 permitiendo a la minera la incorporaci\u00f3n de veh\u00edculos el\u00e9ctricos a su flota.<\/p>\n<p>Durante este 2020, junto con instalar un centenar de cargadores inteligentes domiciliarios, Copec dar\u00e1 un gran paso llevando la electromovilidad tambi\u00e9n al transporte p\u00fablico metropolitano, con la construcci\u00f3n de un electroterminal para carga de buses el\u00e9ctricos en Santiago.\n<\/div>\n<hr>\n<p>Copec Voltex<\/p>\n","protected":false},"excerpt":{"rendered":"<p>La compa\u00f1\u00eda contin\u00faa desarrollando una oferta integral de servicios en movilidad sustentable, dando sus primeros pasos en el transporte p\u00fablico, para contribuir al objetivo de masificar la electromovilidad y llevar sus beneficios a todo Chile.<\/p>\n","protected":false},"author":7,"featured_media":96564,"comment_status":"open","ping_status":"open","sticky":false,"template":"","format":"standard","meta":[],"categories":[60],"tags":[],"_links":{"self":[{"href":"https:\/\/www.portalminero.com\/wp\/wp-json\/wp\/v2\/posts\/96563"}],"collection":[{"href":"https:\/\/www.portalminero.com\/wp\/wp-json\/wp\/v2\/posts"}],"about":[{"href":"https:\/\/www.portalminero.com\/wp\/wp-json\/wp\/v2\/types\/post"}],"author":[{"embeddable":true,"href":"https:\/\/www.portalminero.com\/wp\/wp-json\/wp\/v2\/users\/7"}],"replies":[{"embeddable":true,"href":"https:\/\/www.portalminero.com\/wp\/wp-json\/wp\/v2\/comments?post=96563"}],"version-history":[{"count":0,"href":"https:\/\/www.portalminero.com\/wp\/wp-json\/wp\/v2\/posts\/96563\/revisions"}],"wp:featuredmedia":[{"embeddable":true,"href":"https:\/\/www.portalminero.com\/wp\/wp-json\/wp\/v2\/media\/96564"}],"wp:attachment":[{"href":"https:\/\/www.portalminero.com\/wp\/wp-json\/wp\/v2\/media?parent=96563"}],"wp:term":[{"taxonomy":"category","embeddable":true,"href":"https:\/\/www.portalminero.com\/wp\/wp-json\/wp\/v2\/categories?post=96563"},{"taxonomy":"post_tag","embeddable":true,"href":"https:\/\/www.portalminero.com\/wp\/wp-json\/wp\/v2\/tags?post=96563"}],"curies":[{"name":"wp","href":"https:\/\/api.w.org\/{rel}","templated":true}]}}