{"id":98550,"date":"2020-04-22T00:09:30","date_gmt":"2020-04-22T00:09:30","guid":{"rendered":"https:\/\/www.portalminero.com\/wp\/aprimin-inicia-campana-de-apoyo-pais-para-enfrentar-el-covid-19\/"},"modified":"2020-04-22T15:23:47","modified_gmt":"2020-04-22T15:23:47","slug":"aprimin-inicia-campana-de-apoyo-pais-para-enfrentar-el-covid-19","status":"publish","type":"post","link":"https:\/\/www.portalminero.com\/wp\/aprimin-inicia-campana-de-apoyo-pais-para-enfrentar-el-covid-19\/","title":{"rendered":"Aprimin inicia campa\u00f1a de \u00abApoyo Pa\u00eds\u00bb para enfrentar el COVID-19"},"content":{"rendered":"<h6><em>Chile<\/em><\/h6>\n<p><b>La Asociaci\u00f3n de Proveedores Industriales de la Miner\u00eda ha iniciado una campa\u00f1a de solidaridad con sus empresas asociadas para enfrentar la pandemia.<\/b><\/p>\n<p><img class=\"imagen-noticia\" src=\"data:image\/gif;base64,R0lGODlhAQABAIAAAAAAAP\/\/\/yH5BAEAAAAALAAAAAABAAEAAAIBRAA7\" data-src=\"https:\/\/pm.portalminero.com\/images\/noticias\/5ea0600178dc7.jpg\" alt=\"Aprimin inicia campa\u00f1a de Apoyo Pa\u00eds\u201d para enfrentar el COVID-19\" \/><noscript><img class=\"imagen-noticia\" src=\"https:\/\/pm.portalminero.com\/images\/noticias\/5ea0600178dc7.jpg\" alt=\"Aprimin inicia campa\u00f1a de Apoyo Pa\u00eds\u201d para enfrentar el COVID-19\" \/><\/noscript><\/p>\n<div class=\"texto_prensa\" align=\"justify\"><strong>mi\u00e9rcoles 22 de abril del 2020.-<\/strong>\u00a0El pasado 6 de abril, a trav\u00e9s de una reuni\u00f3n virtual, el Directorio de la Asociaci\u00f3n de Proveedores Industriales de la Miner\u00eda (Aprimin), constituy\u00f3 el Comit\u00e9 de Crisis con el objeto principal de dise\u00f1ar y ejecutar proyectos con terceros, para abastecer de equipos de apoyo sanitario para aquellas personas que enfrenten contagios del COVID-19 en estado cl\u00ednico y para la protecci\u00f3n del equipo m\u00e9dico.<\/p>\n<p>Asimismo, este Comit\u00e9 est\u00e1 coordinando y realizando los esfuerzos necesarios para que la continuidad de la industria minera y sus proveedores sea debidamente considerada por las autoridades, ya que ambos actores son necesarios para aportar los recursos que el pa\u00eds necesita para afrontar la pandemia y agenda social.<\/p>\n<p>Para el presidente de Aprimin, Pascual Veiga, \u00abeste comit\u00e9 acord\u00f3, entre otras iniciativas, ir en ayuda en las unidades de tratamiento intensivo a trav\u00e9s de la Sociedad Chilena de Medicina Intensiva (www.medicina-intensiva.cl), que cubre el 98% de las UCI del pa\u00eds, la que es presidida por el Dr. Tom\u00e1s Regueira. Tambi\u00e9n hemos estado en contacto con Barbarita Lara, Innovadora tecnol\u00f3gica y coordinadora del aporte a trav\u00e9s de la empresa de ingenier\u00eda EPROIC, fabricante de las c\u00e1psulas de protecci\u00f3n m\u00e9dica al momento de la intubaci\u00f3n y extubaci\u00f3n de los pacientes en estado cr\u00edtico\u00bb (\u2026) \u00abNuestro aporte consistir\u00e1 en 110 de estas capsulas de seguridad\u00bb, afirm\u00f3 Veiga.<\/p>\n<p>El Dr. Tom\u00e1s Regueira, presidente de la Sociedad Chilena de Medicina Intensiva, agradeci\u00f3 todo el aporte que APRIMIN est\u00e1 haciendo para pasar mejor este tiempo de pandemia.<\/p>\n<p>El especialista se\u00f1al\u00f3 que \u00aben Chile, en estos momentos, existe un 64% de ocupaci\u00f3n en las unidades de cuidados intensivos y est\u00e1n en uso alrededor de la mitad de los ventiladores mec\u00e1nicos disponibles. Esta es la visi\u00f3n global del pa\u00eds, sin embargo, advierte que hay zonas como la Araucan\u00eda, Magallanes, \u00d1uble, Puerto Montt, el sector sur oriente de Santiago y Maip\u00fa, que est\u00e1n en este momento colapsadas, pr\u00e1cticamente con todas sus unidades ocupadas\u00bb.<\/p>\n<p>\u00abLas capsulas de entubaci\u00f3n que Aprimin va aportar a la unidad de cuidados intensivos de Chile, son muy necesarias, por lo que se los agradezco mucho; ser\u00e1n un gran aporte para todas las unidades\u00bb, puntualiz\u00f3 Regueira.<\/p>\n<p>Barbarita Lara, Innovadora tecnol\u00f3gica y coordinadora del aporte a trav\u00e9s de la empresa de ingenier\u00eda EPROIC, comenta que la iniciativa, que comenz\u00f3 con un requerimiento espec\u00edfico de la UCI del Hospital Carlos Van Buren, para proteger al personal m\u00e9dico de las salas en los procedimientos de extubaci\u00f3n, fue llevada a la realidad en pocos d\u00edas gracias al trabajo de dise\u00f1o y fabricaci\u00f3n del equipo conformado por: Domingo Gonz\u00e1lez y su empresa EPROIC y la arquitecta Mar\u00eda Cirano, profesora de Arquitectura USM. Ambos trabajaron en el desarrollo de este prototipo en base a la asesor\u00eda t\u00e9cnica de la enfermera cl\u00ednica de la UCI-COVID del Hospital Van Buren, Elizabeth Valenzuela.<\/p>\n<p>En tanto, el director Ejecutivo de Aprimin, Sergio Hern\u00e1ndez, detall\u00f3 que \u00aba partir de este mi\u00e9rcoles comenzar\u00e1 la producci\u00f3n de c\u00e1psulas para Aprimin, en la Regi\u00f3n de Valpara\u00edso por EPROIC, con el apoyo del Departamento de Arquitectura de la USM, que facilit\u00f3 la utilizaci\u00f3n de su cortadora CNC\u00bb.<\/p>\n<p>Hern\u00e1ndez agreg\u00f3 que \u00abpara estos efectos, por medio de esta campa\u00f1a Aprimin ya est\u00e1 recibiendo solidarios aportes de sus empresas asociadas: y esperamos que el fondo creado pueda cubrir otros proyectos de apoyo al pa\u00eds en insumos para la recuperaci\u00f3n cl\u00ednica de los pacientes y la protecci\u00f3n del personal de salud que los atiende\u00bb.<\/p>\n<\/div>\n<hr \/>\n<p>Portal Minero<\/p>\n","protected":false},"excerpt":{"rendered":"<p><span class='published'>Chile | 2020-04-22<\/span><\/p>\n<p>La Asociaci\u00f3n de Proveedores Industriales de la Miner\u00eda ha iniciado una campa\u00f1a de solidaridad con sus empresas asociadas para enfrentar la pandemia.<\/p>\n","protected":false},"author":7,"featured_media":98551,"comment_status":"open","ping_status":"open","sticky":false,"template":"","format":"standard","meta":[],"categories":[12],"tags":[],"_links":{"self":[{"href":"https:\/\/www.portalminero.com\/wp\/wp-json\/wp\/v2\/posts\/98550"}],"collection":[{"href":"https:\/\/www.portalminero.com\/wp\/wp-json\/wp\/v2\/posts"}],"about":[{"href":"https:\/\/www.portalminero.com\/wp\/wp-json\/wp\/v2\/types\/post"}],"author":[{"embeddable":true,"href":"https:\/\/www.portalminero.com\/wp\/wp-json\/wp\/v2\/users\/7"}],"replies":[{"embeddable":true,"href":"https:\/\/www.portalminero.com\/wp\/wp-json\/wp\/v2\/comments?post=98550"}],"version-history":[{"count":2,"href":"https:\/\/www.portalminero.com\/wp\/wp-json\/wp\/v2\/posts\/98550\/revisions"}],"predecessor-version":[{"id":98553,"href":"https:\/\/www.portalminero.com\/wp\/wp-json\/wp\/v2\/posts\/98550\/revisions\/98553"}],"wp:featuredmedia":[{"embeddable":true,"href":"https:\/\/www.portalminero.com\/wp\/wp-json\/wp\/v2\/media\/98551"}],"wp:attachment":[{"href":"https:\/\/www.portalminero.com\/wp\/wp-json\/wp\/v2\/media?parent=98550"}],"wp:term":[{"taxonomy":"category","embeddable":true,"href":"https:\/\/www.portalminero.com\/wp\/wp-json\/wp\/v2\/categories?post=98550"},{"taxonomy":"post_tag","embeddable":true,"href":"https:\/\/www.portalminero.com\/wp\/wp-json\/wp\/v2\/tags?post=98550"}],"curies":[{"name":"wp","href":"https:\/\/api.w.org\/{rel}","templated":true}]}}